
{"id":73949,"date":"2018-07-31T22:02:34","date_gmt":"2018-08-01T01:02:34","guid":{"rendered":"http:\/\/www.sudoestehoje.com.br\/novoportal\/?p=73949"},"modified":"2018-07-31T22:02:34","modified_gmt":"2018-08-01T01:02:34","slug":"eleicoes-joao-santana-escolhe-pedagoga-para-vice-na-chapa-ao-governo-da-bahia-2","status":"publish","type":"post","link":"https:\/\/www.sudoestehoje.com.br\/novoportal\/2018\/07\/31\/eleicoes-joao-santana-escolhe-pedagoga-para-vice-na-chapa-ao-governo-da-bahia-2\/","title":{"rendered":"ELEI\u00c7\u00d5ES: JO\u00c3O SANTANA ESCOLHE PEDAGOGA PARA VICE NA CHAPA AO GOVERNO DA BAHIA"},"content":{"rendered":"<p><a href=\"http:\/\/www.sudoestehoje.com.br\/novoportal\/wp-content\/uploads\/2018\/07\/JO\u00c3O-SANTANA.jpg\"><img loading=\"lazy\" decoding=\"async\" class=\"aligncenter size-medium wp-image-73950\" src=\"http:\/\/www.sudoestehoje.com.br\/novoportal\/wp-content\/uploads\/2018\/07\/JO\u00c3O-SANTANA-500x375.jpg\" alt=\"\" width=\"500\" height=\"375\" \/><\/a><\/p>\n<p>O pr\u00e9-candidato emedebista ao governo da Bahia, Jo\u00e3o Santana, escolheu a pedagoga\u00a0Jeane Alves Cruz (MDB) para a vice da sua chapa que disputar\u00e1 a elei\u00e7\u00e3o em outubro. De acordo com o ex-ministro a escolha tem a ver com o perfil \u201cmilitante partid\u00e1rio, digno, pedagogo e empreendedor\u201d da correligion\u00e1ria.<\/p>\n<p>Santana negou que a escolha de uma mulher para chapa envolveu a press\u00e3o que outras majorit\u00e1rias sofrem para aderir nomes femininos ao pleito estadual: \u201cN\u00e3o temos nada com a chapa de ningu\u00e9m. Nossa escolha foi colocar uma companheira de luta\u201d, comentou.<\/p>\n<p>Al\u00e9m de Jeane Alves Cruz na vice, o pr\u00e9-candidato tamb\u00e9m j\u00e1 anunciou o ex-deputado federal Jorge Viana (MDB) como candidato ao Senado na majorit\u00e1ria da legenda\u00a0(<a href=\"http:\/\/https\/\/www.bahianoticias.com.br\/noticia\/223262-jorge-vianna-diz-nao-sentir-constrangimento-ao-disputar-eleicao-pelo-partido-de-geddel.html\" target=\"_blank\" rel=\"noopener noreferrer\">veja aqui<\/a>). Santana deve se reunir nesta tarde (31) com um outro partido para tentar fechar uma alian\u00e7a e um segundo nome para a vaga de Senador aberta.<\/p>\n","protected":false},"excerpt":{"rendered":"<p>O pr\u00e9-candidato emedebista ao governo da Bahia, Jo\u00e3o Santana, escolheu a pedagoga\u00a0Jeane Alves Cruz (MDB) para a vice da sua chapa que disputar\u00e1 a elei\u00e7\u00e3o em outubro. De acordo com o ex-ministro a escolha tem a ver com o perfil \u201cmilitante partid\u00e1rio, digno, pedagogo e empreendedor\u201d da correligion\u00e1ria. Santana negou que a escolha de uma [&hellip;]<\/p>\n","protected":false},"author":2,"featured_media":73950,"comment_status":"open","ping_status":"open","sticky":false,"template":"","format":"standard","meta":{"footnotes":"","_links_to":"","_links_to_target":""},"categories":[1],"tags":[],"class_list":["post-73949","post","type-post","status-publish","format-standard","has-post-thumbnail","hentry","category-geral"],"views":1137,"_links":{"self":[{"href":"https:\/\/www.sudoestehoje.com.br\/novoportal\/wp-json\/wp\/v2\/posts\/73949","targetHints":{"allow":["GET"]}}],"collection":[{"href":"https:\/\/www.sudoestehoje.com.br\/novoportal\/wp-json\/wp\/v2\/posts"}],"about":[{"href":"https:\/\/www.sudoestehoje.com.br\/novoportal\/wp-json\/wp\/v2\/types\/post"}],"author":[{"embeddable":true,"href":"https:\/\/www.sudoestehoje.com.br\/novoportal\/wp-json\/wp\/v2\/users\/2"}],"replies":[{"embeddable":true,"href":"https:\/\/www.sudoestehoje.com.br\/novoportal\/wp-json\/wp\/v2\/comments?post=73949"}],"version-history":[{"count":1,"href":"https:\/\/www.sudoestehoje.com.br\/novoportal\/wp-json\/wp\/v2\/posts\/73949\/revisions"}],"predecessor-version":[{"id":73951,"href":"https:\/\/www.sudoestehoje.com.br\/novoportal\/wp-json\/wp\/v2\/posts\/73949\/revisions\/73951"}],"wp:featuredmedia":[{"embeddable":true,"href":"https:\/\/www.sudoestehoje.com.br\/novoportal\/wp-json\/wp\/v2\/media\/73950"}],"wp:attachment":[{"href":"https:\/\/www.sudoestehoje.com.br\/novoportal\/wp-json\/wp\/v2\/media?parent=73949"}],"wp:term":[{"taxonomy":"category","embeddable":true,"href":"https:\/\/www.sudoestehoje.com.br\/novoportal\/wp-json\/wp\/v2\/categories?post=73949"},{"taxonomy":"post_tag","embeddable":true,"href":"https:\/\/www.sudoestehoje.com.br\/novoportal\/wp-json\/wp\/v2\/tags?post=73949"}],"curies":[{"name":"wp","href":"https:\/\/api.w.org\/{rel}","templated":true}]}}