
{"id":73931,"date":"2018-07-31T17:07:13","date_gmt":"2018-07-31T20:07:13","guid":{"rendered":"http:\/\/www.sudoestehoje.com.br\/novoportal\/?p=73931"},"modified":"2018-07-31T17:07:13","modified_gmt":"2018-07-31T20:07:13","slug":"apos-incendio-plenario-da-assembleia-sera-transferido-para-predio-anexo","status":"publish","type":"post","link":"https:\/\/www.sudoestehoje.com.br\/novoportal\/2018\/07\/31\/apos-incendio-plenario-da-assembleia-sera-transferido-para-predio-anexo\/","title":{"rendered":"AP\u00d3S INC\u00caNDIO, PLEN\u00c1RIO DA ASSEMBL\u00c9IA SER\u00c1 TRANSFERIDO PARA PR\u00c9DIO ANEXO"},"content":{"rendered":"<div class=\"mc-column content-text active-extra-styles active-capital-letter\" data-block-type=\"unstyled\" data-block-weight=\"42\" data-block-id=\"2\">\n<p class=\"content-text__container theme-color-primary-first-letter\" data-track-category=\"Link no Texto\" data-track-links=\"\"><a href=\"http:\/\/www.sudoestehoje.com.br\/novoportal\/wp-content\/uploads\/2018\/07\/ALBA.jpeg\"><img loading=\"lazy\" decoding=\"async\" class=\"aligncenter size-medium wp-image-73932\" src=\"http:\/\/www.sudoestehoje.com.br\/novoportal\/wp-content\/uploads\/2018\/07\/ALBA-500x280.jpeg\" alt=\"\" width=\"500\" height=\"280\" srcset=\"https:\/\/www.sudoestehoje.com.br\/novoportal\/wp-content\/uploads\/2018\/07\/ALBA-500x280.jpeg 500w, https:\/\/www.sudoestehoje.com.br\/novoportal\/wp-content\/uploads\/2018\/07\/ALBA.jpeg 640w\" sizes=\"auto, (max-width: 500px) 100vw, 500px\" \/><\/a><\/p>\n<p class=\"content-text__container theme-color-primary-first-letter\" data-track-category=\"Link no Texto\" data-track-links=\"\">Tr\u00eas dias ap\u00f3s o\u00a0inc\u00eandio que atingiu o edif\u00edcio Lu\u00eds Eduardo Magalh\u00e3es, no Centro Administrativo da Bahia (CAB), onde funciona a Assembleia Legislativa da Bahia (Alba), a Casa anunciou que vai transferir o plen\u00e1rio para um dos tr\u00eas pr\u00e9dios anexos da Casa.<\/p>\n<\/div>\n<div class=\"wall\">\n<div class=\"mc-column content-text active-extra-styles \" data-block-type=\"unstyled\" data-block-weight=\"33\" data-block-id=\"4\">\n<p class=\"content-text__container \" data-track-category=\"Link no Texto\" data-track-links=\"\">As sess\u00f5es do pleno v\u00e3o acontecer, a partir das 14h45 de quarta-feira (1\u00ba), no Audit\u00f3rio Jorge Calmon, situado no edif\u00edcio anexo Senador Jutahy Magalh\u00e3es, que fica ao lado do pr\u00e9dio atingido pelo inc\u00eandio.<\/p>\n<\/div>\n<div class=\"mc-column content-text active-extra-styles \" data-block-type=\"unstyled\" data-block-weight=\"52\" data-block-id=\"5\">\n<p class=\"content-text__container \" data-track-category=\"Link no Texto\" data-track-links=\"\">O pleno funcionar\u00e1 no local at\u00e9 que o Departamento de Pol\u00edcia T\u00e9cnica (DPT) libere o edif\u00edcio e que seja realizada uma limpeza para a retirada de entulhos e resto de material que ficou ap\u00f3s os trabalhos do Corpo de Bombeiros. Ainda n\u00e3o h\u00e1 previs\u00e3o de quando o pr\u00e9dio ter\u00e1 o funcionamento normalizado.<\/p>\n<\/div>\n<div class=\"mc-column content-text active-extra-styles \" data-block-type=\"unstyled\" data-block-weight=\"33\" data-block-id=\"6\">\n<p class=\"content-text__container \" data-track-category=\"Link no Texto\" data-track-links=\"\">Setores como Diretoria Financeira, Secretaria Geral da Mesa, Diretoria de Apoio Parlamentar, Secretaria Geral das Comiss\u00f5es, Departamento de Taquigrafia e demais \u00f3rg\u00e3os de apoio ao plen\u00e1rio tamb\u00e9m funcionar\u00e3o no anexo Senador Jutahy Magalh\u00e3es.<\/p>\n<\/div>\n<div class=\"mc-column content-text active-extra-styles \" data-block-type=\"unstyled\" data-block-weight=\"36\" data-block-id=\"7\">\n<p class=\"content-text__container \" data-track-category=\"Link no Texto\" data-track-links=\"\">Todos ser\u00e3o abrigados na \u00e1rea onde funciona, hoje, a sede da Escola do Legislativo, entidade que oferece cursos e treinamentos aos servidores. At\u00e9 que o funcionamento da Alba seja normalizado, as atividades da Escola ficar\u00e3o suspensas.<\/p>\n<\/div>\n<div class=\"mc-column content-text active-extra-styles \" data-block-type=\"unstyled\" data-block-weight=\"24\" data-block-id=\"8\">\n<p class=\"content-text__container \" data-track-category=\"Link no Texto\" data-track-links=\"\">Os gabinetes parlamentares, reparti\u00e7\u00f5es e servi\u00e7os que funcionam nos demais pr\u00e9dios anexos &#8211; Nelson David e Wilson Lins &#8211; n\u00e3o sofreram altera\u00e7\u00f5es na rotina.<\/p>\n<\/div>\n<\/div>\n","protected":false},"excerpt":{"rendered":"<p>Tr\u00eas dias ap\u00f3s o\u00a0inc\u00eandio que atingiu o edif\u00edcio Lu\u00eds Eduardo Magalh\u00e3es, no Centro Administrativo da Bahia (CAB), onde funciona a Assembleia Legislativa da Bahia (Alba), a Casa anunciou que vai transferir o plen\u00e1rio para um dos tr\u00eas pr\u00e9dios anexos da Casa. As sess\u00f5es do pleno v\u00e3o acontecer, a partir das 14h45 de quarta-feira (1\u00ba), no [&hellip;]<\/p>\n","protected":false},"author":2,"featured_media":73932,"comment_status":"open","ping_status":"open","sticky":false,"template":"","format":"standard","meta":{"footnotes":"","_links_to":"","_links_to_target":""},"categories":[1],"tags":[],"class_list":["post-73931","post","type-post","status-publish","format-standard","has-post-thumbnail","hentry","category-geral"],"views":1052,"_links":{"self":[{"href":"https:\/\/www.sudoestehoje.com.br\/novoportal\/wp-json\/wp\/v2\/posts\/73931","targetHints":{"allow":["GET"]}}],"collection":[{"href":"https:\/\/www.sudoestehoje.com.br\/novoportal\/wp-json\/wp\/v2\/posts"}],"about":[{"href":"https:\/\/www.sudoestehoje.com.br\/novoportal\/wp-json\/wp\/v2\/types\/post"}],"author":[{"embeddable":true,"href":"https:\/\/www.sudoestehoje.com.br\/novoportal\/wp-json\/wp\/v2\/users\/2"}],"replies":[{"embeddable":true,"href":"https:\/\/www.sudoestehoje.com.br\/novoportal\/wp-json\/wp\/v2\/comments?post=73931"}],"version-history":[{"count":1,"href":"https:\/\/www.sudoestehoje.com.br\/novoportal\/wp-json\/wp\/v2\/posts\/73931\/revisions"}],"predecessor-version":[{"id":73933,"href":"https:\/\/www.sudoestehoje.com.br\/novoportal\/wp-json\/wp\/v2\/posts\/73931\/revisions\/73933"}],"wp:featuredmedia":[{"embeddable":true,"href":"https:\/\/www.sudoestehoje.com.br\/novoportal\/wp-json\/wp\/v2\/media\/73932"}],"wp:attachment":[{"href":"https:\/\/www.sudoestehoje.com.br\/novoportal\/wp-json\/wp\/v2\/media?parent=73931"}],"wp:term":[{"taxonomy":"category","embeddable":true,"href":"https:\/\/www.sudoestehoje.com.br\/novoportal\/wp-json\/wp\/v2\/categories?post=73931"},{"taxonomy":"post_tag","embeddable":true,"href":"https:\/\/www.sudoestehoje.com.br\/novoportal\/wp-json\/wp\/v2\/tags?post=73931"}],"curies":[{"name":"wp","href":"https:\/\/api.w.org\/{rel}","templated":true}]}}