
{"id":73928,"date":"2018-07-31T16:56:58","date_gmt":"2018-07-31T19:56:58","guid":{"rendered":"http:\/\/www.sudoestehoje.com.br\/novoportal\/?p=73928"},"modified":"2018-07-31T16:56:58","modified_gmt":"2018-07-31T19:56:58","slug":"ex-prefeito-de-itapetinga-e-multado-pelo-tcm-por-falta-de-cadeiras-nas-escolas","status":"publish","type":"post","link":"https:\/\/www.sudoestehoje.com.br\/novoportal\/2018\/07\/31\/ex-prefeito-de-itapetinga-e-multado-pelo-tcm-por-falta-de-cadeiras-nas-escolas\/","title":{"rendered":"EX-PREFEITO DE ITAPETINGA \u00c9 MULTADO PELO TCM POR FALTA DE CADEIRAS NAS ESCOLAS"},"content":{"rendered":"<p class=\"western\" align=\"JUSTIFY\"><a href=\"http:\/\/www.sudoestehoje.com.br\/novoportal\/wp-content\/uploads\/2018\/07\/Z\u00c9.jpg\"><img loading=\"lazy\" decoding=\"async\" class=\"aligncenter size-medium wp-image-73929\" src=\"http:\/\/www.sudoestehoje.com.br\/novoportal\/wp-content\/uploads\/2018\/07\/Z\u00c9-500x375.jpg\" alt=\"\" width=\"500\" height=\"375\" \/><\/a><\/p>\n<p class=\"western\" align=\"JUSTIFY\">Na sess\u00e3o desta ter\u00e7a-feira (31\/07), o Tribunal de Contas dos Munic\u00edpios julgou parcialmente procedente a den\u00fancia formulada pelo Minist\u00e9rio P\u00fablico Estadual contra o ex-prefeito de Itapetinga, Jos\u00e9 Carlos Cerqueira Moura, por suposta irregularidade na aquisi\u00e7\u00e3o de merenda escolar e aus\u00eancia de cadeiras nas unidades da rede municipal de ensino, no exerc\u00edcio de 2014. O relator do processo, conselheiro Pl\u00ednio Carneiro Filho, multou o gestor em R$1.200,00.<\/p>\n<p class=\"western\" align=\"JUSTIFY\">A inspe\u00e7\u00e3o\u00a0realizada por t\u00e9cnicos do TCM n\u00e3o constatou nenhuma irregularidade na contrata\u00e7\u00e3o da empresa CLJ Produtos Aliment\u00edcios para o fornecimento de g\u00eaneros aliment\u00edcios \u00e0 prefeitura de Itapetinga. Os valores m\u00e9dios pagos pelos itens analisados foram considerados compat\u00edveis com seu pre\u00e7o mercadol\u00f3gico e com os valores praticados por outras prefeituras baianos no mesmo ano, sendo assim\u00a0considerada regular a aquisi\u00e7\u00e3o de merenda escolar no exerc\u00edcio de 2014.<\/p>\n<p class=\"western\" align=\"JUSTIFY\">Sobre a aus\u00eancia de cadeiras nas unidades escolares, foi relatado \u00e0 equipe t\u00e9cnica\u00a0que o Centro Educacional e Cultural Jos\u00e9 Marcos Gusm\u00e3o esteve com cadeiras insuficientes e inadequadas para os alunos no per\u00edodo compreendido entre o m\u00eas de agosto de 2013 \u00e0 abril de 2014, o que comprova a falta de planejamento na aquisi\u00e7\u00e3o do material.<\/p>\n<p class=\"western\" align=\"JUSTIFY\">A situa\u00e7\u00e3o foi resolvida com a compra significativa de assentos ainda em 2014, sendo 1.200 unidades compradas em fevereiro e o restante em outubro, no importe de R$82.500,00. No momento da vistoria a situa\u00e7\u00e3o j\u00e1 estava resolvida, estando as escolas\u00a0servidas com cadeiras para os alunos.<\/p>\n<p class=\"western\" align=\"JUSTIFY\">O Minist\u00e9rio P\u00fablico de Contas, em seu pronunciamento, opinou pela aplica\u00e7\u00e3o de multa ao ex-prefeito apenas em raz\u00e3o da aus\u00eancia de cadeiras nas unidades escolares.<\/p>\n<p class=\"western\" align=\"JUSTIFY\">Cabe recurso da decis\u00e3o.<\/p>\n","protected":false},"excerpt":{"rendered":"<p>Na sess\u00e3o desta ter\u00e7a-feira (31\/07), o Tribunal de Contas dos Munic\u00edpios julgou parcialmente procedente a den\u00fancia formulada pelo Minist\u00e9rio P\u00fablico Estadual contra o ex-prefeito de Itapetinga, Jos\u00e9 Carlos Cerqueira Moura, por suposta irregularidade na aquisi\u00e7\u00e3o de merenda escolar e aus\u00eancia de cadeiras nas unidades da rede municipal de ensino, no exerc\u00edcio de 2014. O relator [&hellip;]<\/p>\n","protected":false},"author":2,"featured_media":73929,"comment_status":"open","ping_status":"open","sticky":false,"template":"","format":"standard","meta":{"footnotes":"","_links_to":"","_links_to_target":""},"categories":[1],"tags":[],"class_list":["post-73928","post","type-post","status-publish","format-standard","has-post-thumbnail","hentry","category-geral"],"views":1838,"_links":{"self":[{"href":"https:\/\/www.sudoestehoje.com.br\/novoportal\/wp-json\/wp\/v2\/posts\/73928","targetHints":{"allow":["GET"]}}],"collection":[{"href":"https:\/\/www.sudoestehoje.com.br\/novoportal\/wp-json\/wp\/v2\/posts"}],"about":[{"href":"https:\/\/www.sudoestehoje.com.br\/novoportal\/wp-json\/wp\/v2\/types\/post"}],"author":[{"embeddable":true,"href":"https:\/\/www.sudoestehoje.com.br\/novoportal\/wp-json\/wp\/v2\/users\/2"}],"replies":[{"embeddable":true,"href":"https:\/\/www.sudoestehoje.com.br\/novoportal\/wp-json\/wp\/v2\/comments?post=73928"}],"version-history":[{"count":1,"href":"https:\/\/www.sudoestehoje.com.br\/novoportal\/wp-json\/wp\/v2\/posts\/73928\/revisions"}],"predecessor-version":[{"id":73930,"href":"https:\/\/www.sudoestehoje.com.br\/novoportal\/wp-json\/wp\/v2\/posts\/73928\/revisions\/73930"}],"wp:featuredmedia":[{"embeddable":true,"href":"https:\/\/www.sudoestehoje.com.br\/novoportal\/wp-json\/wp\/v2\/media\/73929"}],"wp:attachment":[{"href":"https:\/\/www.sudoestehoje.com.br\/novoportal\/wp-json\/wp\/v2\/media?parent=73928"}],"wp:term":[{"taxonomy":"category","embeddable":true,"href":"https:\/\/www.sudoestehoje.com.br\/novoportal\/wp-json\/wp\/v2\/categories?post=73928"},{"taxonomy":"post_tag","embeddable":true,"href":"https:\/\/www.sudoestehoje.com.br\/novoportal\/wp-json\/wp\/v2\/tags?post=73928"}],"curies":[{"name":"wp","href":"https:\/\/api.w.org\/{rel}","templated":true}]}}