
{"id":73906,"date":"2018-07-30T20:43:57","date_gmt":"2018-07-30T23:43:57","guid":{"rendered":"http:\/\/www.sudoestehoje.com.br\/novoportal\/?p=73906"},"modified":"2018-07-30T20:43:57","modified_gmt":"2018-07-30T23:43:57","slug":"itapetinga-coordenador-da-21a-coorpin-anuncia-programa-que-inclui-veiculos-roubados-no-sistema-do-detran","status":"publish","type":"post","link":"https:\/\/www.sudoestehoje.com.br\/novoportal\/2018\/07\/30\/itapetinga-coordenador-da-21a-coorpin-anuncia-programa-que-inclui-veiculos-roubados-no-sistema-do-detran\/","title":{"rendered":"ITAPETINGA: COORDENADOR DA 21\u00aa COORPIN ANUNCIA PROGRAMA QUE INCLUI VE\u00cdCULOS ROUBADOS NO SISTEMA DO DETRAN"},"content":{"rendered":"<p><a href=\"http:\/\/www.sudoestehoje.com.br\/novoportal\/wp-content\/uploads\/2018\/07\/complexo-2.jpg\"><img loading=\"lazy\" decoding=\"async\" class=\"aligncenter size-medium wp-image-73913\" src=\"http:\/\/www.sudoestehoje.com.br\/novoportal\/wp-content\/uploads\/2018\/07\/complexo-2-500x274.jpg\" alt=\"\" width=\"500\" height=\"274\" srcset=\"https:\/\/www.sudoestehoje.com.br\/novoportal\/wp-content\/uploads\/2018\/07\/complexo-2-500x274.jpg 500w, https:\/\/www.sudoestehoje.com.br\/novoportal\/wp-content\/uploads\/2018\/07\/complexo-2-768x421.jpg 768w, https:\/\/www.sudoestehoje.com.br\/novoportal\/wp-content\/uploads\/2018\/07\/complexo-2-700x384.jpg 700w, https:\/\/www.sudoestehoje.com.br\/novoportal\/wp-content\/uploads\/2018\/07\/complexo-2.jpg 960w\" sizes=\"auto, (max-width: 500px) 100vw, 500px\" \/><\/a>A partir desta segunda-feira (30), Itapetinga e cidades que englobam\u00a0<a href=\"https:\/\/www.facebook.com\/davi.ferraz.9#\">a 21<\/a>\u00aa Coorpin j\u00e1 podem contar com uma importante ferramenta: o Programa Diamante, do Detran da Bahia, que faz a inclus\u00e3o no sistema do \u00f3rg\u00e3o, dos ve\u00edculos roubados e furtados.<\/p>\n<p>O an\u00fancio foi feito pelo coordenador Roberto J\u00fanior, que durante a semana passada esteve em Salvador tomando um curso sobre o programa.<\/p>\n<p>Anteriormente, quando um ve\u00edculo era furtado ou roubado, se fazia a comunica\u00e7\u00e3o \u00e0 Delegacia de Repress\u00e3o de Furtos e Roubos de Ve\u00edculos, em Salvador, ocorrendo, muitas vezes, demora para a inclus\u00e3o no sistema, dificultando a a\u00e7\u00e3o das pol\u00edcias na busca ao ve\u00edculo.<\/p>\n<p>Agora, de acordo o delegado, as inclus\u00f5es das ocorr\u00eancias, tanto as locais, quanto as das outras 12 cidades abrangidas pela 21\u00aa Coorpin, ser\u00e3o feitas em Itapetinga. O ve\u00edculo subtra\u00eddo estar\u00e1 no sistema poucas horas ap\u00f3s o registro da ocorr\u00eancia.<\/p>\n<p>Outra dificuldade que ser\u00e1 sanada \u00e9 com rela\u00e7\u00e3o aos ve\u00edculos recuperados e que precisam sair do sistema. <em>&#8220;Todo procedimento ser\u00e1 feito na sede da coordenadoria&#8221;<\/em>, enfatizo o coordenador Roberto J\u00fanior.<\/p>\n<p>Al\u00e9m do Coordenador, que j\u00e1 est\u00e1 habilitado para operar o Programa Diamante, outros dois servidores passar\u00e3o por treinamento nos pr\u00f3ximos dias, em Salvador. \/\/<em>Ascom 21\u00aa Coorpin<\/em><\/p>\n","protected":false},"excerpt":{"rendered":"<p>A partir desta segunda-feira (30), Itapetinga e cidades que englobam\u00a0a 21\u00aa Coorpin j\u00e1 podem contar com uma importante ferramenta: o Programa Diamante, do Detran da Bahia, que faz a inclus\u00e3o no sistema do \u00f3rg\u00e3o, dos ve\u00edculos roubados e furtados. O an\u00fancio foi feito pelo coordenador Roberto J\u00fanior, que durante a semana passada esteve em Salvador [&hellip;]<\/p>\n","protected":false},"author":2,"featured_media":73912,"comment_status":"open","ping_status":"open","sticky":false,"template":"","format":"standard","meta":{"footnotes":"","_links_to":"","_links_to_target":""},"categories":[1],"tags":[],"class_list":["post-73906","post","type-post","status-publish","format-standard","has-post-thumbnail","hentry","category-geral"],"views":1388,"_links":{"self":[{"href":"https:\/\/www.sudoestehoje.com.br\/novoportal\/wp-json\/wp\/v2\/posts\/73906","targetHints":{"allow":["GET"]}}],"collection":[{"href":"https:\/\/www.sudoestehoje.com.br\/novoportal\/wp-json\/wp\/v2\/posts"}],"about":[{"href":"https:\/\/www.sudoestehoje.com.br\/novoportal\/wp-json\/wp\/v2\/types\/post"}],"author":[{"embeddable":true,"href":"https:\/\/www.sudoestehoje.com.br\/novoportal\/wp-json\/wp\/v2\/users\/2"}],"replies":[{"embeddable":true,"href":"https:\/\/www.sudoestehoje.com.br\/novoportal\/wp-json\/wp\/v2\/comments?post=73906"}],"version-history":[{"count":6,"href":"https:\/\/www.sudoestehoje.com.br\/novoportal\/wp-json\/wp\/v2\/posts\/73906\/revisions"}],"predecessor-version":[{"id":73914,"href":"https:\/\/www.sudoestehoje.com.br\/novoportal\/wp-json\/wp\/v2\/posts\/73906\/revisions\/73914"}],"wp:featuredmedia":[{"embeddable":true,"href":"https:\/\/www.sudoestehoje.com.br\/novoportal\/wp-json\/wp\/v2\/media\/73912"}],"wp:attachment":[{"href":"https:\/\/www.sudoestehoje.com.br\/novoportal\/wp-json\/wp\/v2\/media?parent=73906"}],"wp:term":[{"taxonomy":"category","embeddable":true,"href":"https:\/\/www.sudoestehoje.com.br\/novoportal\/wp-json\/wp\/v2\/categories?post=73906"},{"taxonomy":"post_tag","embeddable":true,"href":"https:\/\/www.sudoestehoje.com.br\/novoportal\/wp-json\/wp\/v2\/tags?post=73906"}],"curies":[{"name":"wp","href":"https:\/\/api.w.org\/{rel}","templated":true}]}}