
{"id":73903,"date":"2018-07-30T20:04:54","date_gmt":"2018-07-30T23:04:54","guid":{"rendered":"http:\/\/www.sudoestehoje.com.br\/novoportal\/?p=73903"},"modified":"2018-07-30T20:04:54","modified_gmt":"2018-07-30T23:04:54","slug":"wagner-diz-que-nao-aceita-ser-candidato-em-lugar-de-lula-haddad-deve-encarar","status":"publish","type":"post","link":"https:\/\/www.sudoestehoje.com.br\/novoportal\/2018\/07\/30\/wagner-diz-que-nao-aceita-ser-candidato-em-lugar-de-lula-haddad-deve-encarar\/","title":{"rendered":"WAGNER DIZ QUE N\u00c3O ACEITA SER CANDIDATO EM LUGAR DE LULA; HADDAD DEVE ENCARAR"},"content":{"rendered":"<p><a href=\"http:\/\/www.sudoestehoje.com.br\/novoportal\/wp-content\/uploads\/2018\/07\/W-L.png\"><img loading=\"lazy\" decoding=\"async\" class=\"aligncenter size-medium wp-image-73904\" src=\"http:\/\/www.sudoestehoje.com.br\/novoportal\/wp-content\/uploads\/2018\/07\/W-L-500x281.png\" alt=\"\" width=\"500\" height=\"281\" \/><\/a><\/p>\n<p>O ex-presidente Luiz In\u00e1cio Lula da Silva (PT) foi informado de que \u00e9 definitiva a decis\u00e3o do ex-governador da Bahia Jaques Wagner (PT) de n\u00e3o disputar o a presid\u00eancia da Rep\u00fablica.<\/p>\n<p>De acordo com a Coluna do Estad\u00e3o, o ex-prefeito de S\u00e3o Paulo Fernando Haddad virou agora o \u00fanico plano do PT para a disputa presidencial.<\/p>\n<p>Wagner tinha dito reiteradamente na imprensa que n\u00e3o aceitava concorrer \u00e0 Presid\u00eancia e que era pr\u00e9-candidato ao Senado na chapa do governador Rui Costa (PT). \/\/<em>BN<\/em><\/p>\n","protected":false},"excerpt":{"rendered":"<p>O ex-presidente Luiz In\u00e1cio Lula da Silva (PT) foi informado de que \u00e9 definitiva a decis\u00e3o do ex-governador da Bahia Jaques Wagner (PT) de n\u00e3o disputar o a presid\u00eancia da Rep\u00fablica. De acordo com a Coluna do Estad\u00e3o, o ex-prefeito de S\u00e3o Paulo Fernando Haddad virou agora o \u00fanico plano do PT para a disputa [&hellip;]<\/p>\n","protected":false},"author":2,"featured_media":73904,"comment_status":"open","ping_status":"open","sticky":false,"template":"","format":"standard","meta":{"footnotes":"","_links_to":"","_links_to_target":""},"categories":[1],"tags":[],"class_list":["post-73903","post","type-post","status-publish","format-standard","has-post-thumbnail","hentry","category-geral"],"views":1131,"_links":{"self":[{"href":"https:\/\/www.sudoestehoje.com.br\/novoportal\/wp-json\/wp\/v2\/posts\/73903","targetHints":{"allow":["GET"]}}],"collection":[{"href":"https:\/\/www.sudoestehoje.com.br\/novoportal\/wp-json\/wp\/v2\/posts"}],"about":[{"href":"https:\/\/www.sudoestehoje.com.br\/novoportal\/wp-json\/wp\/v2\/types\/post"}],"author":[{"embeddable":true,"href":"https:\/\/www.sudoestehoje.com.br\/novoportal\/wp-json\/wp\/v2\/users\/2"}],"replies":[{"embeddable":true,"href":"https:\/\/www.sudoestehoje.com.br\/novoportal\/wp-json\/wp\/v2\/comments?post=73903"}],"version-history":[{"count":1,"href":"https:\/\/www.sudoestehoje.com.br\/novoportal\/wp-json\/wp\/v2\/posts\/73903\/revisions"}],"predecessor-version":[{"id":73905,"href":"https:\/\/www.sudoestehoje.com.br\/novoportal\/wp-json\/wp\/v2\/posts\/73903\/revisions\/73905"}],"wp:featuredmedia":[{"embeddable":true,"href":"https:\/\/www.sudoestehoje.com.br\/novoportal\/wp-json\/wp\/v2\/media\/73904"}],"wp:attachment":[{"href":"https:\/\/www.sudoestehoje.com.br\/novoportal\/wp-json\/wp\/v2\/media?parent=73903"}],"wp:term":[{"taxonomy":"category","embeddable":true,"href":"https:\/\/www.sudoestehoje.com.br\/novoportal\/wp-json\/wp\/v2\/categories?post=73903"},{"taxonomy":"post_tag","embeddable":true,"href":"https:\/\/www.sudoestehoje.com.br\/novoportal\/wp-json\/wp\/v2\/tags?post=73903"}],"curies":[{"name":"wp","href":"https:\/\/api.w.org\/{rel}","templated":true}]}}