
{"id":739,"date":"2010-09-30T21:38:26","date_gmt":"2010-10-01T00:38:26","guid":{"rendered":"http:\/\/sudoestehoje.tempsite.ws\/novoportal\/?p=739"},"modified":"2010-09-30T21:38:26","modified_gmt":"2010-10-01T00:38:26","slug":"professores-fazem-manifestacao-contra-aplb-e-certificacao","status":"publish","type":"post","link":"https:\/\/www.sudoestehoje.com.br\/novoportal\/2010\/09\/30\/professores-fazem-manifestacao-contra-aplb-e-certificacao\/","title":{"rendered":"Professores fazem manifesta\u00e7\u00e3o contra APLB e certifica\u00e7\u00e3o"},"content":{"rendered":"<p style=\"text-align: center;\"><img decoding=\"async\" src=\"http:\/\/www.portalctb.org.br\/site\/images\/stories\/di\/aplb_sindicato.jpg\" alt=\"\" \/><\/p>\n<p style=\"text-align: center;\">Manifestantes acusam APLB de &#8216;colaborar&#8217; com o governo (Foto arquivo)<\/p>\n<p>\u00a0<\/p>\n<p>SALVADOR: Cerca de 500 professores realizaram, na manh\u00e3 de hoje, uma passeata contra o processo de avalia\u00e7\u00e3o de desempenho do atual governo, denominado de certifica\u00e7\u00e3o que estabelece uma regra de progress\u00e3o na carreira a partir de um concurso interno. O movimento partiu do Campo Grande por volta de 9 horas e seguiu at\u00e9 a sede do seu sindicato, a APLB. O grupo realizou um protesto em frente ao seu sindicato criticando a postura adotada pela atual dire\u00e7\u00e3o de n\u00e3o participar do movimento e declarar que o movimento dos professores contra a certifica\u00e7\u00e3o \u00e9 \u201cum golpismo eleitoral\u201d. Os representantes do movimento acusam a dire\u00e7\u00e3o do sindicato ligado ao PCdoB de \u201cgovernistas e pelegos\u201d. Politica Livre<\/p>\n","protected":false},"excerpt":{"rendered":"<p>Manifestantes acusam APLB de &#8216;colaborar&#8217; com o governo (Foto arquivo) \u00a0 SALVADOR: Cerca de 500 professores realizaram, na manh\u00e3 de hoje, uma passeata contra o processo de avalia\u00e7\u00e3o de desempenho do atual governo, denominado de certifica\u00e7\u00e3o que estabelece uma regra de progress\u00e3o na carreira a partir de um concurso interno. O movimento partiu do Campo [&hellip;]<\/p>\n","protected":false},"author":2,"featured_media":0,"comment_status":"open","ping_status":"open","sticky":false,"template":"","format":"standard","meta":{"footnotes":"","_links_to":"","_links_to_target":""},"categories":[1],"tags":[],"class_list":["post-739","post","type-post","status-publish","format-standard","hentry","category-geral"],"views":1271,"_links":{"self":[{"href":"https:\/\/www.sudoestehoje.com.br\/novoportal\/wp-json\/wp\/v2\/posts\/739","targetHints":{"allow":["GET"]}}],"collection":[{"href":"https:\/\/www.sudoestehoje.com.br\/novoportal\/wp-json\/wp\/v2\/posts"}],"about":[{"href":"https:\/\/www.sudoestehoje.com.br\/novoportal\/wp-json\/wp\/v2\/types\/post"}],"author":[{"embeddable":true,"href":"https:\/\/www.sudoestehoje.com.br\/novoportal\/wp-json\/wp\/v2\/users\/2"}],"replies":[{"embeddable":true,"href":"https:\/\/www.sudoestehoje.com.br\/novoportal\/wp-json\/wp\/v2\/comments?post=739"}],"version-history":[{"count":1,"href":"https:\/\/www.sudoestehoje.com.br\/novoportal\/wp-json\/wp\/v2\/posts\/739\/revisions"}],"predecessor-version":[{"id":740,"href":"https:\/\/www.sudoestehoje.com.br\/novoportal\/wp-json\/wp\/v2\/posts\/739\/revisions\/740"}],"wp:attachment":[{"href":"https:\/\/www.sudoestehoje.com.br\/novoportal\/wp-json\/wp\/v2\/media?parent=739"}],"wp:term":[{"taxonomy":"category","embeddable":true,"href":"https:\/\/www.sudoestehoje.com.br\/novoportal\/wp-json\/wp\/v2\/categories?post=739"},{"taxonomy":"post_tag","embeddable":true,"href":"https:\/\/www.sudoestehoje.com.br\/novoportal\/wp-json\/wp\/v2\/tags?post=739"}],"curies":[{"name":"wp","href":"https:\/\/api.w.org\/{rel}","templated":true}]}}