
{"id":73882,"date":"2018-07-29T22:07:11","date_gmt":"2018-07-30T01:07:11","guid":{"rendered":"http:\/\/www.sudoestehoje.com.br\/novoportal\/?p=73882"},"modified":"2018-07-29T22:26:29","modified_gmt":"2018-07-30T01:26:29","slug":"ibicui-apoio-de-marcos-galvao-fortalece-pre-candidatura-de-antonio-brito-na-regiao","status":"publish","type":"post","link":"https:\/\/www.sudoestehoje.com.br\/novoportal\/2018\/07\/29\/ibicui-apoio-de-marcos-galvao-fortalece-pre-candidatura-de-antonio-brito-na-regiao\/","title":{"rendered":"IBICU\u00cd: APOIO DE MARCOS GALV\u00c3O FORTALECE PR\u00c9-CANDIDATURA DE ANT\u00d4NIO BRITO NA REGI\u00c3O"},"content":{"rendered":"<p><a href=\"http:\/\/www.sudoestehoje.com.br\/novoportal\/wp-content\/uploads\/2018\/07\/IB-1.jpg\"><img loading=\"lazy\" decoding=\"async\" class=\"aligncenter size-medium wp-image-73884\" src=\"http:\/\/www.sudoestehoje.com.br\/novoportal\/wp-content\/uploads\/2018\/07\/IB-1-500x375.jpg\" alt=\"\" width=\"500\" height=\"375\" srcset=\"https:\/\/www.sudoestehoje.com.br\/novoportal\/wp-content\/uploads\/2018\/07\/IB-1-500x375.jpg 500w, https:\/\/www.sudoestehoje.com.br\/novoportal\/wp-content\/uploads\/2018\/07\/IB-1-768x576.jpg 768w, https:\/\/www.sudoestehoje.com.br\/novoportal\/wp-content\/uploads\/2018\/07\/IB-1-700x525.jpg 700w, https:\/\/www.sudoestehoje.com.br\/novoportal\/wp-content\/uploads\/2018\/07\/IB-1.jpg 960w\" sizes=\"auto, (max-width: 500px) 100vw, 500px\" \/><\/a>Neste domingo\u00a0(29), uma multid\u00e3o acompanhou o prefeito de Ibicu\u00ed, Marcos Galv\u00e3o, quando o mesmo anunciou seu apoio ao deputado federal Antonio Brito (PSD\/BA).<\/p>\n<p>O an\u00fancio foi feito durante encontro, que reuniu o presidente do PCdoB da Bahia e suplente de \u00c2ngelo Coronel no pleito ao Senado, Davidson Magalh\u00e3es, o vice-prefeito Salom\u00e3o, o presidente da C\u00e2mara Municipal, Lon, vereadores, amigos e correligion\u00e1rios.<\/p>\n<p><a href=\"http:\/\/www.sudoestehoje.com.br\/novoportal\/wp-content\/uploads\/2018\/07\/IB-2.jpg\"><img loading=\"lazy\" decoding=\"async\" class=\"aligncenter size-medium wp-image-73885\" src=\"http:\/\/www.sudoestehoje.com.br\/novoportal\/wp-content\/uploads\/2018\/07\/IB-2-500x376.jpg\" alt=\"\" width=\"500\" height=\"376\" srcset=\"https:\/\/www.sudoestehoje.com.br\/novoportal\/wp-content\/uploads\/2018\/07\/IB-2-500x376.jpg 500w, https:\/\/www.sudoestehoje.com.br\/novoportal\/wp-content\/uploads\/2018\/07\/IB-2-768x577.jpg 768w, https:\/\/www.sudoestehoje.com.br\/novoportal\/wp-content\/uploads\/2018\/07\/IB-2-700x526.jpg 700w, https:\/\/www.sudoestehoje.com.br\/novoportal\/wp-content\/uploads\/2018\/07\/IB-2.jpg 960w\" sizes=\"auto, (max-width: 500px) 100vw, 500px\" \/><\/a><\/p>\n<p>Na oportunidade, Davidson Magalh\u00e3es, que sempre contou com o apoio do prefeito Marcos Galv\u00e3o, &#8220;passou a bola&#8221; para Antonio Brito. Portanto, agora, o gestor da cidade do forr\u00f3 oficialmente tem como deputados Antonio Brito (federal) e Adolfo Menezes (estadual). <em>\/\/Ascom<\/em><\/p>\n","protected":false},"excerpt":{"rendered":"<p>Neste domingo\u00a0(29), uma multid\u00e3o acompanhou o prefeito de Ibicu\u00ed, Marcos Galv\u00e3o, quando o mesmo anunciou seu apoio ao deputado federal Antonio Brito (PSD\/BA). O an\u00fancio foi feito durante encontro, que reuniu o presidente do PCdoB da Bahia e suplente de \u00c2ngelo Coronel no pleito ao Senado, Davidson Magalh\u00e3es, o vice-prefeito Salom\u00e3o, o presidente da C\u00e2mara [&hellip;]<\/p>\n","protected":false},"author":2,"featured_media":73884,"comment_status":"open","ping_status":"open","sticky":false,"template":"","format":"standard","meta":{"footnotes":"","_links_to":"","_links_to_target":""},"categories":[1],"tags":[],"class_list":["post-73882","post","type-post","status-publish","format-standard","has-post-thumbnail","hentry","category-geral"],"views":1579,"_links":{"self":[{"href":"https:\/\/www.sudoestehoje.com.br\/novoportal\/wp-json\/wp\/v2\/posts\/73882","targetHints":{"allow":["GET"]}}],"collection":[{"href":"https:\/\/www.sudoestehoje.com.br\/novoportal\/wp-json\/wp\/v2\/posts"}],"about":[{"href":"https:\/\/www.sudoestehoje.com.br\/novoportal\/wp-json\/wp\/v2\/types\/post"}],"author":[{"embeddable":true,"href":"https:\/\/www.sudoestehoje.com.br\/novoportal\/wp-json\/wp\/v2\/users\/2"}],"replies":[{"embeddable":true,"href":"https:\/\/www.sudoestehoje.com.br\/novoportal\/wp-json\/wp\/v2\/comments?post=73882"}],"version-history":[{"count":3,"href":"https:\/\/www.sudoestehoje.com.br\/novoportal\/wp-json\/wp\/v2\/posts\/73882\/revisions"}],"predecessor-version":[{"id":73888,"href":"https:\/\/www.sudoestehoje.com.br\/novoportal\/wp-json\/wp\/v2\/posts\/73882\/revisions\/73888"}],"wp:featuredmedia":[{"embeddable":true,"href":"https:\/\/www.sudoestehoje.com.br\/novoportal\/wp-json\/wp\/v2\/media\/73884"}],"wp:attachment":[{"href":"https:\/\/www.sudoestehoje.com.br\/novoportal\/wp-json\/wp\/v2\/media?parent=73882"}],"wp:term":[{"taxonomy":"category","embeddable":true,"href":"https:\/\/www.sudoestehoje.com.br\/novoportal\/wp-json\/wp\/v2\/categories?post=73882"},{"taxonomy":"post_tag","embeddable":true,"href":"https:\/\/www.sudoestehoje.com.br\/novoportal\/wp-json\/wp\/v2\/tags?post=73882"}],"curies":[{"name":"wp","href":"https:\/\/api.w.org\/{rel}","templated":true}]}}