
{"id":73869,"date":"2018-07-29T21:08:35","date_gmt":"2018-07-30T00:08:35","guid":{"rendered":"http:\/\/www.sudoestehoje.com.br\/novoportal\/?p=73869"},"modified":"2018-07-29T21:27:03","modified_gmt":"2018-07-30T00:27:03","slug":"itapetinga-fogo-em-matagal-assusta-moradores-no-recanto-da-colina","status":"publish","type":"post","link":"https:\/\/www.sudoestehoje.com.br\/novoportal\/2018\/07\/29\/itapetinga-fogo-em-matagal-assusta-moradores-no-recanto-da-colina\/","title":{"rendered":"ITAPETINGA: FOGO EM MATAGAL ASSUSTA MORADORES NO RECANTO DA COLINA"},"content":{"rendered":"<p><a href=\"http:\/\/www.sudoestehoje.com.br\/novoportal\/wp-content\/uploads\/2018\/07\/f-7.jpg\"><img loading=\"lazy\" decoding=\"async\" class=\"aligncenter size-medium wp-image-73877\" src=\"http:\/\/www.sudoestehoje.com.br\/novoportal\/wp-content\/uploads\/2018\/07\/f-7-500x360.jpg\" alt=\"\" width=\"500\" height=\"360\" srcset=\"https:\/\/www.sudoestehoje.com.br\/novoportal\/wp-content\/uploads\/2018\/07\/f-7-500x360.jpg 500w, https:\/\/www.sudoestehoje.com.br\/novoportal\/wp-content\/uploads\/2018\/07\/f-7-768x553.jpg 768w, https:\/\/www.sudoestehoje.com.br\/novoportal\/wp-content\/uploads\/2018\/07\/f-7-700x504.jpg 700w, https:\/\/www.sudoestehoje.com.br\/novoportal\/wp-content\/uploads\/2018\/07\/f-7.jpg 864w\" sizes=\"auto, (max-width: 500px) 100vw, 500px\" \/><\/a><\/p>\n<p>No in\u00edcio da noite deste domingo (29), aconteceu um inc\u00eandio de grandes propor\u00e7\u00f5es em uma \u00e1rea aberta no Loteamento Recanto da Colina, em Itapetinga, colocando em risco algumas resid\u00eancias pr\u00f3ximas ao local atingido pelo fogo.<\/p>\n<p><a href=\"http:\/\/www.sudoestehoje.com.br\/novoportal\/wp-content\/uploads\/2018\/07\/f-6-1.jpg\"><img loading=\"lazy\" decoding=\"async\" class=\"aligncenter size-medium wp-image-73878\" src=\"http:\/\/www.sudoestehoje.com.br\/novoportal\/wp-content\/uploads\/2018\/07\/f-6-1-500x363.jpg\" alt=\"\" width=\"500\" height=\"363\" srcset=\"https:\/\/www.sudoestehoje.com.br\/novoportal\/wp-content\/uploads\/2018\/07\/f-6-1-500x363.jpg 500w, https:\/\/www.sudoestehoje.com.br\/novoportal\/wp-content\/uploads\/2018\/07\/f-6-1-768x557.jpg 768w, https:\/\/www.sudoestehoje.com.br\/novoportal\/wp-content\/uploads\/2018\/07\/f-6-1-700x508.jpg 700w, https:\/\/www.sudoestehoje.com.br\/novoportal\/wp-content\/uploads\/2018\/07\/f-6-1.jpg 864w\" sizes=\"auto, (max-width: 500px) 100vw, 500px\" \/><\/a><\/p>\n<p>Assustados com a altura das chamas e com a fuma\u00e7a que invadia suas casas, moradores pediram socorro atrav\u00e9s das redes sociais, o que levou o secret\u00e1rio de Infraestrutura e Servi\u00e7os P\u00fablicos, Airton Ferraz, a acionar o carro pipa da prefeitura para debelar as chamas.\u00a0Uma viatura da Brigada de Inc\u00eandios tamb\u00e9m foi acionada e compareceu ao local.<\/p>\n<p><a href=\"http:\/\/www.sudoestehoje.com.br\/novoportal\/wp-content\/uploads\/2018\/07\/f-4.jpg\"><img loading=\"lazy\" decoding=\"async\" class=\"aligncenter size-medium wp-image-73874\" src=\"http:\/\/www.sudoestehoje.com.br\/novoportal\/wp-content\/uploads\/2018\/07\/f-4-500x278.jpg\" alt=\"\" width=\"500\" height=\"278\" srcset=\"https:\/\/www.sudoestehoje.com.br\/novoportal\/wp-content\/uploads\/2018\/07\/f-4-500x278.jpg 500w, https:\/\/www.sudoestehoje.com.br\/novoportal\/wp-content\/uploads\/2018\/07\/f-4-768x426.jpg 768w, https:\/\/www.sudoestehoje.com.br\/novoportal\/wp-content\/uploads\/2018\/07\/f-4-700x389.jpg 700w, https:\/\/www.sudoestehoje.com.br\/novoportal\/wp-content\/uploads\/2018\/07\/f-4.jpg 960w\" sizes=\"auto, (max-width: 500px) 100vw, 500px\" \/><\/a><\/p>\n<p>Os inc\u00eandios em matagais no Recanto da Colina s\u00e3o rotineiros nos per\u00edodos secos, muitos deles provocados pelos pr\u00f3prios moradores, que acabam sendo v\u00edtimas dos efeitos devastadores causados pelo fogo e pela fuma\u00e7a.<\/p>\n\n\t\t<style type=\"text\/css\">\n\t\t\t#gallery-1 {\n\t\t\t\tmargin: auto;\n\t\t\t}\n\t\t\t#gallery-1 .gallery-item {\n\t\t\t\tfloat: left;\n\t\t\t\tmargin-top: 10px;\n\t\t\t\ttext-align: center;\n\t\t\t\twidth: 33%;\n\t\t\t}\n\t\t\t#gallery-1 img {\n\t\t\t\tborder: 2px solid #cfcfcf;\n\t\t\t}\n\t\t\t#gallery-1 .gallery-caption {\n\t\t\t\tmargin-left: 0;\n\t\t\t}\n\t\t\t\/* see gallery_shortcode() in wp-includes\/media.php *\/\n\t\t<\/style>\n\t\t<div id='gallery-1' class='gallery galleryid-73869 gallery-columns-3 gallery-size-thumbnail'><dl class='gallery-item'>\n\t\t\t<dt class='gallery-icon landscape'>\n\t\t\t\t<a href='https:\/\/www.sudoestehoje.com.br\/novoportal\/2018\/07\/29\/itapetinga-fogo-em-matagal-assusta-moradores-no-recanto-da-colina\/f-1-8\/'><img loading=\"lazy\" decoding=\"async\" width=\"150\" height=\"150\" src=\"https:\/\/www.sudoestehoje.com.br\/novoportal\/wp-content\/uploads\/2018\/07\/f-1-1-150x150.jpg\" class=\"attachment-thumbnail size-thumbnail\" alt=\"\" \/><\/a>\n\t\t\t<\/dt><\/dl><dl class='gallery-item'>\n\t\t\t<dt class='gallery-icon landscape'>\n\t\t\t\t<a href='https:\/\/www.sudoestehoje.com.br\/novoportal\/2018\/07\/29\/itapetinga-fogo-em-matagal-assusta-moradores-no-recanto-da-colina\/f-3-6\/'><img loading=\"lazy\" decoding=\"async\" width=\"150\" height=\"150\" src=\"https:\/\/www.sudoestehoje.com.br\/novoportal\/wp-content\/uploads\/2018\/07\/f-3-150x150.jpg\" class=\"attachment-thumbnail size-thumbnail\" alt=\"\" \/><\/a>\n\t\t\t<\/dt><\/dl><dl class='gallery-item'>\n\t\t\t<dt class='gallery-icon landscape'>\n\t\t\t\t<a href='https:\/\/www.sudoestehoje.com.br\/novoportal\/2018\/07\/29\/itapetinga-fogo-em-matagal-assusta-moradores-no-recanto-da-colina\/f-2-6\/'><img loading=\"lazy\" decoding=\"async\" width=\"150\" height=\"150\" src=\"https:\/\/www.sudoestehoje.com.br\/novoportal\/wp-content\/uploads\/2018\/07\/f-2-150x150.jpg\" class=\"attachment-thumbnail size-thumbnail\" alt=\"\" \/><\/a>\n\t\t\t<\/dt><\/dl><br style=\"clear: both\" \/>\n\t\t<\/div>\n\n<p><strong><em>Reda\u00e7\u00e3o<\/em><\/strong><\/p>\n","protected":false},"excerpt":{"rendered":"<p>No in\u00edcio da noite deste domingo (29), aconteceu um inc\u00eandio de grandes propor\u00e7\u00f5es em uma \u00e1rea aberta no Loteamento Recanto da Colina, em Itapetinga, colocando em risco algumas resid\u00eancias pr\u00f3ximas ao local atingido pelo fogo. Assustados com a altura das chamas e com a fuma\u00e7a que invadia suas casas, moradores pediram socorro atrav\u00e9s das redes [&hellip;]<\/p>\n","protected":false},"author":2,"featured_media":73877,"comment_status":"open","ping_status":"open","sticky":false,"template":"","format":"standard","meta":{"footnotes":"","_links_to":"","_links_to_target":""},"categories":[1],"tags":[],"class_list":["post-73869","post","type-post","status-publish","format-standard","has-post-thumbnail","hentry","category-geral"],"views":1936,"_links":{"self":[{"href":"https:\/\/www.sudoestehoje.com.br\/novoportal\/wp-json\/wp\/v2\/posts\/73869","targetHints":{"allow":["GET"]}}],"collection":[{"href":"https:\/\/www.sudoestehoje.com.br\/novoportal\/wp-json\/wp\/v2\/posts"}],"about":[{"href":"https:\/\/www.sudoestehoje.com.br\/novoportal\/wp-json\/wp\/v2\/types\/post"}],"author":[{"embeddable":true,"href":"https:\/\/www.sudoestehoje.com.br\/novoportal\/wp-json\/wp\/v2\/users\/2"}],"replies":[{"embeddable":true,"href":"https:\/\/www.sudoestehoje.com.br\/novoportal\/wp-json\/wp\/v2\/comments?post=73869"}],"version-history":[{"count":3,"href":"https:\/\/www.sudoestehoje.com.br\/novoportal\/wp-json\/wp\/v2\/posts\/73869\/revisions"}],"predecessor-version":[{"id":73881,"href":"https:\/\/www.sudoestehoje.com.br\/novoportal\/wp-json\/wp\/v2\/posts\/73869\/revisions\/73881"}],"wp:featuredmedia":[{"embeddable":true,"href":"https:\/\/www.sudoestehoje.com.br\/novoportal\/wp-json\/wp\/v2\/media\/73877"}],"wp:attachment":[{"href":"https:\/\/www.sudoestehoje.com.br\/novoportal\/wp-json\/wp\/v2\/media?parent=73869"}],"wp:term":[{"taxonomy":"category","embeddable":true,"href":"https:\/\/www.sudoestehoje.com.br\/novoportal\/wp-json\/wp\/v2\/categories?post=73869"},{"taxonomy":"post_tag","embeddable":true,"href":"https:\/\/www.sudoestehoje.com.br\/novoportal\/wp-json\/wp\/v2\/tags?post=73869"}],"curies":[{"name":"wp","href":"https:\/\/api.w.org\/{rel}","templated":true}]}}