
{"id":73860,"date":"2018-07-28T20:09:33","date_gmt":"2018-07-28T23:09:33","guid":{"rendered":"http:\/\/www.sudoestehoje.com.br\/novoportal\/?p=73860"},"modified":"2018-07-28T20:09:33","modified_gmt":"2018-07-28T23:09:33","slug":"antonio-brito-participa-da-caravana-de-rui-costa-em-itabuna","status":"publish","type":"post","link":"https:\/\/www.sudoestehoje.com.br\/novoportal\/2018\/07\/28\/antonio-brito-participa-da-caravana-de-rui-costa-em-itabuna\/","title":{"rendered":"ANT\u00d4NIO BRITO PARTICIPA DA CARAVANA DE RUI COSTA EM ITABUNA"},"content":{"rendered":"<p><a href=\"http:\/\/www.sudoestehoje.com.br\/novoportal\/wp-content\/uploads\/2018\/07\/brito.jpg\"><img loading=\"lazy\" decoding=\"async\" class=\"aligncenter size-medium wp-image-73861\" src=\"http:\/\/www.sudoestehoje.com.br\/novoportal\/wp-content\/uploads\/2018\/07\/brito-500x500.jpg\" alt=\"\" width=\"500\" height=\"500\" srcset=\"https:\/\/www.sudoestehoje.com.br\/novoportal\/wp-content\/uploads\/2018\/07\/brito-500x500.jpg 500w, https:\/\/www.sudoestehoje.com.br\/novoportal\/wp-content\/uploads\/2018\/07\/brito-150x150.jpg 150w, https:\/\/www.sudoestehoje.com.br\/novoportal\/wp-content\/uploads\/2018\/07\/brito-768x768.jpg 768w, https:\/\/www.sudoestehoje.com.br\/novoportal\/wp-content\/uploads\/2018\/07\/brito-700x700.jpg 700w, https:\/\/www.sudoestehoje.com.br\/novoportal\/wp-content\/uploads\/2018\/07\/brito.jpg 960w\" sizes=\"auto, (max-width: 500px) 100vw, 500px\" \/><\/a><\/p>\n<p>O deputado federal Ant\u00f4nio brito (PSD), acompanhou o governador Rui Costa e membros da majorit\u00e1ria em mais uma plen\u00e1ria territorial do Programa de Governo Participativo (PGP), realizada em Itabuna, neste s\u00e1bado, onde foram debatidas\u00a0as prioridades da regi\u00e3o Sul da Bahia.<\/p>\n<p>No encontro, Brito manteve contato com os prefeitos Oziel (Camac\u00e3), Marcos Galv\u00e3o e o vice Salom\u00e3o (Ibicu\u00ed), Guilherme (Santa Luzia), leo Matos (Itapetinga) e diversas lideran\u00e7as pol\u00edticas e sociais da regi\u00e3o. \/\/<em>Ascom<\/em><\/p>\n","protected":false},"excerpt":{"rendered":"<p>O deputado federal Ant\u00f4nio brito (PSD), acompanhou o governador Rui Costa e membros da majorit\u00e1ria em mais uma plen\u00e1ria territorial do Programa de Governo Participativo (PGP), realizada em Itabuna, neste s\u00e1bado, onde foram debatidas\u00a0as prioridades da regi\u00e3o Sul da Bahia. No encontro, Brito manteve contato com os prefeitos Oziel (Camac\u00e3), Marcos Galv\u00e3o e o vice [&hellip;]<\/p>\n","protected":false},"author":2,"featured_media":73861,"comment_status":"open","ping_status":"open","sticky":false,"template":"","format":"standard","meta":{"footnotes":"","_links_to":"","_links_to_target":""},"categories":[1],"tags":[],"class_list":["post-73860","post","type-post","status-publish","format-standard","has-post-thumbnail","hentry","category-geral"],"views":1277,"_links":{"self":[{"href":"https:\/\/www.sudoestehoje.com.br\/novoportal\/wp-json\/wp\/v2\/posts\/73860","targetHints":{"allow":["GET"]}}],"collection":[{"href":"https:\/\/www.sudoestehoje.com.br\/novoportal\/wp-json\/wp\/v2\/posts"}],"about":[{"href":"https:\/\/www.sudoestehoje.com.br\/novoportal\/wp-json\/wp\/v2\/types\/post"}],"author":[{"embeddable":true,"href":"https:\/\/www.sudoestehoje.com.br\/novoportal\/wp-json\/wp\/v2\/users\/2"}],"replies":[{"embeddable":true,"href":"https:\/\/www.sudoestehoje.com.br\/novoportal\/wp-json\/wp\/v2\/comments?post=73860"}],"version-history":[{"count":2,"href":"https:\/\/www.sudoestehoje.com.br\/novoportal\/wp-json\/wp\/v2\/posts\/73860\/revisions"}],"predecessor-version":[{"id":73863,"href":"https:\/\/www.sudoestehoje.com.br\/novoportal\/wp-json\/wp\/v2\/posts\/73860\/revisions\/73863"}],"wp:featuredmedia":[{"embeddable":true,"href":"https:\/\/www.sudoestehoje.com.br\/novoportal\/wp-json\/wp\/v2\/media\/73861"}],"wp:attachment":[{"href":"https:\/\/www.sudoestehoje.com.br\/novoportal\/wp-json\/wp\/v2\/media?parent=73860"}],"wp:term":[{"taxonomy":"category","embeddable":true,"href":"https:\/\/www.sudoestehoje.com.br\/novoportal\/wp-json\/wp\/v2\/categories?post=73860"},{"taxonomy":"post_tag","embeddable":true,"href":"https:\/\/www.sudoestehoje.com.br\/novoportal\/wp-json\/wp\/v2\/tags?post=73860"}],"curies":[{"name":"wp","href":"https:\/\/api.w.org\/{rel}","templated":true}]}}