
{"id":73856,"date":"2018-07-28T19:46:22","date_gmt":"2018-07-28T22:46:22","guid":{"rendered":"http:\/\/www.sudoestehoje.com.br\/novoportal\/?p=73856"},"modified":"2018-07-28T19:47:50","modified_gmt":"2018-07-28T22:47:50","slug":"daniel-almeida-volta-ao-cenario-politico-de-itapetinga-com-apoio-do-pcdob-local-2","status":"publish","type":"post","link":"https:\/\/www.sudoestehoje.com.br\/novoportal\/2018\/07\/28\/daniel-almeida-volta-ao-cenario-politico-de-itapetinga-com-apoio-do-pcdob-local-2\/","title":{"rendered":"DANIEL ALMEIDA VOLTA AO CEN\u00c1RIO POL\u00cdTICO DE ITAPETINGA COM APOIO DO PCdoB LOCAL"},"content":{"rendered":"<p><a href=\"http:\/\/www.sudoestehoje.com.br\/novoportal\/wp-content\/uploads\/2018\/07\/DANIEL.jpg\"><img loading=\"lazy\" decoding=\"async\" class=\"aligncenter size-medium wp-image-73857\" src=\"http:\/\/www.sudoestehoje.com.br\/novoportal\/wp-content\/uploads\/2018\/07\/DANIEL-500x328.jpg\" alt=\"\" width=\"500\" height=\"328\" \/><\/a><\/p>\n<p>O PCdoB de Itapetinga tem uma velha e boa novidade para estas elei\u00e7\u00f5es: o retorno do atuante deputado federal Daniel Almeida, que voltar\u00e1 a contar com o apoio do seu partido na \u2018Capital da Pecu\u00e1ria\u2019, ap\u00f3s ceder espa\u00e7o pol\u00edtico na regi\u00e3o a Davidson Magalh\u00e3es, na elei\u00e7\u00e3o de 2014.<\/p>\n<p>Com a sa\u00edda de Davidson para integrar a chapa majorit\u00e1ria do petista Rui Costa, como 1\u00ba suplente ao senado, Daniel Almeida volta a ocupar o seu antigo espa\u00e7o em Itapetinga e regi\u00e3o, com a apoio dos comunistas Jerisvaldo Pereira (Jerry), Gilson de Jesus e Renan Coelho.<\/p>\n<p>Segundo Jerry, Daniel Almeida far\u00e1 dobradinha em Itapetinga com o deputado estadual Fabr\u00edcio Falc\u00e3o (PCdoB), que tamb\u00e9m concorrer\u00e1 \u00e0 reelei\u00e7\u00e3o, em outubro.<\/p>\n<p>Como um dos representantes de Itapetinga na C\u00e2mara Federal, Daniel Almeida teve atua\u00e7\u00e3o marcante, destinando verbas importantes para o munic\u00edpio.<\/p>\n<p><strong><em>Por Davi Ferraz\u00a0<\/em><\/strong><\/p>\n","protected":false},"excerpt":{"rendered":"<p>O PCdoB de Itapetinga tem uma velha e boa novidade para estas elei\u00e7\u00f5es: o retorno do atuante deputado federal Daniel Almeida, que voltar\u00e1 a contar com o apoio do seu partido na \u2018Capital da Pecu\u00e1ria\u2019, ap\u00f3s ceder espa\u00e7o pol\u00edtico na regi\u00e3o a Davidson Magalh\u00e3es, na elei\u00e7\u00e3o de 2014. Com a sa\u00edda de Davidson para integrar [&hellip;]<\/p>\n","protected":false},"author":2,"featured_media":73857,"comment_status":"open","ping_status":"open","sticky":false,"template":"","format":"standard","meta":{"footnotes":"","_links_to":"","_links_to_target":""},"categories":[1],"tags":[],"class_list":["post-73856","post","type-post","status-publish","format-standard","has-post-thumbnail","hentry","category-geral"],"views":1370,"_links":{"self":[{"href":"https:\/\/www.sudoestehoje.com.br\/novoportal\/wp-json\/wp\/v2\/posts\/73856","targetHints":{"allow":["GET"]}}],"collection":[{"href":"https:\/\/www.sudoestehoje.com.br\/novoportal\/wp-json\/wp\/v2\/posts"}],"about":[{"href":"https:\/\/www.sudoestehoje.com.br\/novoportal\/wp-json\/wp\/v2\/types\/post"}],"author":[{"embeddable":true,"href":"https:\/\/www.sudoestehoje.com.br\/novoportal\/wp-json\/wp\/v2\/users\/2"}],"replies":[{"embeddable":true,"href":"https:\/\/www.sudoestehoje.com.br\/novoportal\/wp-json\/wp\/v2\/comments?post=73856"}],"version-history":[{"count":2,"href":"https:\/\/www.sudoestehoje.com.br\/novoportal\/wp-json\/wp\/v2\/posts\/73856\/revisions"}],"predecessor-version":[{"id":73859,"href":"https:\/\/www.sudoestehoje.com.br\/novoportal\/wp-json\/wp\/v2\/posts\/73856\/revisions\/73859"}],"wp:featuredmedia":[{"embeddable":true,"href":"https:\/\/www.sudoestehoje.com.br\/novoportal\/wp-json\/wp\/v2\/media\/73857"}],"wp:attachment":[{"href":"https:\/\/www.sudoestehoje.com.br\/novoportal\/wp-json\/wp\/v2\/media?parent=73856"}],"wp:term":[{"taxonomy":"category","embeddable":true,"href":"https:\/\/www.sudoestehoje.com.br\/novoportal\/wp-json\/wp\/v2\/categories?post=73856"},{"taxonomy":"post_tag","embeddable":true,"href":"https:\/\/www.sudoestehoje.com.br\/novoportal\/wp-json\/wp\/v2\/tags?post=73856"}],"curies":[{"name":"wp","href":"https:\/\/api.w.org\/{rel}","templated":true}]}}