
{"id":7385,"date":"2011-08-09T01:41:33","date_gmt":"2011-08-09T04:41:33","guid":{"rendered":"http:\/\/www.sudoestehoje.com.br\/novoportal\/?p=7385"},"modified":"2011-08-09T01:42:23","modified_gmt":"2011-08-09T04:42:23","slug":"a-troca","status":"publish","type":"post","link":"https:\/\/www.sudoestehoje.com.br\/novoportal\/2011\/08\/09\/a-troca\/","title":{"rendered":"A TROCA"},"content":{"rendered":"<p><a href=\"http:\/\/www.google.com.br\/imgres?imgurl=http:\/\/www.sudoestehoje.com.br\/novoportal\/wp-content\/uploads\/2010\/11\/100_41591.jpg&amp;imgrefurl=http:\/\/www.sudoestehoje.com.br\/novoportal\/2010\/11\/27\/&amp;usg=__ro7nGKD_J4Mdw0Dwbu2hwnyJSRk=&amp;h=2748&amp;w=3664&amp;sz=1364&amp;hl=pt-BR&amp;start=3&amp;zoom=1&amp;tbnid=JJAklhNijKSewM:&amp;tbnh=113&amp;tbnw=150&amp;ei=3blATpa5PI-cgQfZjLHXCQ&amp;prev=\/search%3Fq%3Djos%25C3%25A9%2Belias%2Bribeiro%26um%3D1%26hl%3Dpt-BR%26sa%3DN%26rlz%3D1T4SKPB_pt-BRBR354BR359%26tbm%3Disch&amp;um=1&amp;itbs=1\"><img loading=\"lazy\" decoding=\"async\" class=\"alignleft\" src=\"http:\/\/t3.gstatic.com\/images?q=tbn:ANd9GcR5XcGyfNaYEqbXWKoIALEaAkZ1Sr2-ENNN6fDDtiyrKd__iAtcW0LEhrX1\" alt=\"\" width=\"174\" height=\"131\" \/><\/a>O Prefeito de uma cidade deve se comportar como um gestor de empresa. Planejar, organizar, controlar e dirigir, \u00e9 responsabilidade do gestor. O Prefeito deve planejar (ou ter algu\u00e9m com capacidade de planejar) estrat\u00e9gias para conseguir realizar os objetivos do governo. \u00c9 imposs\u00edvel governar com constantes improvisa\u00e7\u00f5es.<\/p>\n<p>Conversei duas vezes com a Secret\u00e1ria de Sa\u00fade Kally Cristina e fiquei convencido da sua efici\u00eancia (saber como fazer, fazer corretamente). S\u00f3 que ap\u00f3s tr\u00eas anos de titularidade na pasta da sa\u00fade Kally Cristina n\u00e3o conseguiu ser eficaz. Os resultados obtidos ficaram muito longe dos objetivos pretendidos. A sa\u00fade p\u00fablica colocada a disposi\u00e7\u00e3o do usu\u00e1rio do SUS \u00e9 uma calamidade (em todo pa\u00eds \u00e9 verdade), mas a indica\u00e7\u00e3o de Kally Cristina (por recomenda\u00e7\u00e3o do Secret\u00e1rio de Sa\u00fade Jorge Solla) foi uma surpresa e gerou grande expectativa de um poss\u00edvel avan\u00e7o na qualidade dos servi\u00e7os ofertados na \u00e1rea de sa\u00fade p\u00fablica.<\/p>\n<p>Com a sa\u00edda de Kally Cristina quem vai ser a Secret\u00e1ria (o) de Sa\u00fade? Antes de escolher a pessoa para ocupar a pasta seria bom definir objetivos corretos, para n\u00e3o perder tempo com controv\u00e9rsias que n\u00e3o levam a lugar nenhum. \u00c9 preciso encontrar uma pessoa que tenha motiva\u00e7\u00e3o, lideran\u00e7a, for\u00e7a de vontade, e que consiga estabelecer um pacto com todos os segmentos envolvidos com a sa\u00fade p\u00fablica.<\/p>\n<p>Conseguir melhorar a qualidade do atendimento ao p\u00fablico que precisa do SUS seria uma a\u00e7\u00e3o que melhoraria a imagem do Prefeito perante a opini\u00e3o p\u00fablica. Com pouco mais de um ano para a elei\u00e7\u00e3o municipal onde o Prefeito ter\u00e1 que convencer o eleitorado de que merece ficar mais quatro anos no comando da administra\u00e7\u00e3o p\u00fablica, n\u00e3o pode se dar ao luxo de errar na escolha do novo Secret\u00e1rio (a) e n\u00e3o pode se omitir da responsabilidade de ter acertado ou errado na escolha.<\/p>\n<p>Uma pergunta para reflex\u00e3o: comparando o governo Michel com o governo Jos\u00e9 Carlos na gest\u00e3o da sa\u00fade p\u00fablica, voc\u00ea acha que melhorou ou piorou o atendimento do p\u00fablico?<\/p>\n<p><em><strong>Por JOS\u00c9 ELIAS RIBEIRO<\/strong><\/em><\/p>\n","protected":false},"excerpt":{"rendered":"<p>O Prefeito de uma cidade deve se comportar como um gestor de empresa. Planejar, organizar, controlar e dirigir, \u00e9 responsabilidade do gestor. O Prefeito deve planejar (ou ter algu\u00e9m com capacidade de planejar) estrat\u00e9gias para conseguir realizar os objetivos do governo. \u00c9 imposs\u00edvel governar com constantes improvisa\u00e7\u00f5es. Conversei duas vezes com a Secret\u00e1ria de Sa\u00fade [&hellip;]<\/p>\n","protected":false},"author":2,"featured_media":0,"comment_status":"open","ping_status":"open","sticky":false,"template":"","format":"standard","meta":{"footnotes":"","_links_to":"","_links_to_target":""},"categories":[1],"tags":[],"class_list":["post-7385","post","type-post","status-publish","format-standard","hentry","category-geral"],"views":1164,"_links":{"self":[{"href":"https:\/\/www.sudoestehoje.com.br\/novoportal\/wp-json\/wp\/v2\/posts\/7385","targetHints":{"allow":["GET"]}}],"collection":[{"href":"https:\/\/www.sudoestehoje.com.br\/novoportal\/wp-json\/wp\/v2\/posts"}],"about":[{"href":"https:\/\/www.sudoestehoje.com.br\/novoportal\/wp-json\/wp\/v2\/types\/post"}],"author":[{"embeddable":true,"href":"https:\/\/www.sudoestehoje.com.br\/novoportal\/wp-json\/wp\/v2\/users\/2"}],"replies":[{"embeddable":true,"href":"https:\/\/www.sudoestehoje.com.br\/novoportal\/wp-json\/wp\/v2\/comments?post=7385"}],"version-history":[{"count":5,"href":"https:\/\/www.sudoestehoje.com.br\/novoportal\/wp-json\/wp\/v2\/posts\/7385\/revisions"}],"predecessor-version":[{"id":7390,"href":"https:\/\/www.sudoestehoje.com.br\/novoportal\/wp-json\/wp\/v2\/posts\/7385\/revisions\/7390"}],"wp:attachment":[{"href":"https:\/\/www.sudoestehoje.com.br\/novoportal\/wp-json\/wp\/v2\/media?parent=7385"}],"wp:term":[{"taxonomy":"category","embeddable":true,"href":"https:\/\/www.sudoestehoje.com.br\/novoportal\/wp-json\/wp\/v2\/categories?post=7385"},{"taxonomy":"post_tag","embeddable":true,"href":"https:\/\/www.sudoestehoje.com.br\/novoportal\/wp-json\/wp\/v2\/tags?post=7385"}],"curies":[{"name":"wp","href":"https:\/\/api.w.org\/{rel}","templated":true}]}}