
{"id":73832,"date":"2018-07-27T22:18:05","date_gmt":"2018-07-28T01:18:05","guid":{"rendered":"http:\/\/www.sudoestehoje.com.br\/novoportal\/?p=73832"},"modified":"2018-07-27T22:18:05","modified_gmt":"2018-07-28T01:18:05","slug":"ze-ronaldo-vai-prestigiar-convencao-do-psl-de-bolsonaro-na-bahia","status":"publish","type":"post","link":"https:\/\/www.sudoestehoje.com.br\/novoportal\/2018\/07\/27\/ze-ronaldo-vai-prestigiar-convencao-do-psl-de-bolsonaro-na-bahia\/","title":{"rendered":"Z\u00c9 RONALDO VAI PRESTIGIAR CONVEN\u00c7\u00c3O DO PSL DE BOLSONARO NA BAHIA"},"content":{"rendered":"<p><a href=\"http:\/\/www.sudoestehoje.com.br\/novoportal\/wp-content\/uploads\/2018\/07\/bolsonaro-e-z\u00e9-ronaldo.jpg\"><img loading=\"lazy\" decoding=\"async\" class=\"aligncenter size-full wp-image-73833\" src=\"http:\/\/www.sudoestehoje.com.br\/novoportal\/wp-content\/uploads\/2018\/07\/bolsonaro-e-z\u00e9-ronaldo.jpg\" alt=\"\" width=\"488\" height=\"183\" \/><\/a><\/p>\n<p>O pr\u00e9-candidato ao governo Jos\u00e9 Ronaldo (DEM) confirmou participa\u00e7\u00e3o na conven\u00e7\u00e3o do PSL na Bahia no pr\u00f3ximo domingo (29). Com o evento, o partido do presidenci\u00e1vel Jair Bolsonaro (PSL) ir\u00e1 confirmar o seu apoio ao democrata nas elei\u00e7\u00f5es estaduais de outubro.<\/p>\n<p>A sigla at\u00e9 chegou a cogitar um candidato pr\u00f3prio ao governo do estado ap\u00f3s o DEM, nacionalmente, apostar em Geraldo Alckmin (PSDB).<\/p>\n<p>Com a confirma\u00e7\u00e3o de apoio a Z\u00e9 Ronaldo, a conven\u00e7\u00e3o estadual dever\u00e1 servir para indicar quem s\u00e3o os candidatos para o senado do grupo.<\/p>\n<p>A conven\u00e7\u00e3o estadual do PSL est\u00e1 marcada para \u00e0s 14h deste domingo (29), no Hotel Ibis de Feira de Santana. \/\/BN<\/p>\n","protected":false},"excerpt":{"rendered":"<p>O pr\u00e9-candidato ao governo Jos\u00e9 Ronaldo (DEM) confirmou participa\u00e7\u00e3o na conven\u00e7\u00e3o do PSL na Bahia no pr\u00f3ximo domingo (29). Com o evento, o partido do presidenci\u00e1vel Jair Bolsonaro (PSL) ir\u00e1 confirmar o seu apoio ao democrata nas elei\u00e7\u00f5es estaduais de outubro. A sigla at\u00e9 chegou a cogitar um candidato pr\u00f3prio ao governo do estado ap\u00f3s [&hellip;]<\/p>\n","protected":false},"author":2,"featured_media":73833,"comment_status":"open","ping_status":"open","sticky":false,"template":"","format":"standard","meta":{"footnotes":"","_links_to":"","_links_to_target":""},"categories":[1],"tags":[],"class_list":["post-73832","post","type-post","status-publish","format-standard","has-post-thumbnail","hentry","category-geral"],"views":1214,"_links":{"self":[{"href":"https:\/\/www.sudoestehoje.com.br\/novoportal\/wp-json\/wp\/v2\/posts\/73832","targetHints":{"allow":["GET"]}}],"collection":[{"href":"https:\/\/www.sudoestehoje.com.br\/novoportal\/wp-json\/wp\/v2\/posts"}],"about":[{"href":"https:\/\/www.sudoestehoje.com.br\/novoportal\/wp-json\/wp\/v2\/types\/post"}],"author":[{"embeddable":true,"href":"https:\/\/www.sudoestehoje.com.br\/novoportal\/wp-json\/wp\/v2\/users\/2"}],"replies":[{"embeddable":true,"href":"https:\/\/www.sudoestehoje.com.br\/novoportal\/wp-json\/wp\/v2\/comments?post=73832"}],"version-history":[{"count":3,"href":"https:\/\/www.sudoestehoje.com.br\/novoportal\/wp-json\/wp\/v2\/posts\/73832\/revisions"}],"predecessor-version":[{"id":73836,"href":"https:\/\/www.sudoestehoje.com.br\/novoportal\/wp-json\/wp\/v2\/posts\/73832\/revisions\/73836"}],"wp:featuredmedia":[{"embeddable":true,"href":"https:\/\/www.sudoestehoje.com.br\/novoportal\/wp-json\/wp\/v2\/media\/73833"}],"wp:attachment":[{"href":"https:\/\/www.sudoestehoje.com.br\/novoportal\/wp-json\/wp\/v2\/media?parent=73832"}],"wp:term":[{"taxonomy":"category","embeddable":true,"href":"https:\/\/www.sudoestehoje.com.br\/novoportal\/wp-json\/wp\/v2\/categories?post=73832"},{"taxonomy":"post_tag","embeddable":true,"href":"https:\/\/www.sudoestehoje.com.br\/novoportal\/wp-json\/wp\/v2\/tags?post=73832"}],"curies":[{"name":"wp","href":"https:\/\/api.w.org\/{rel}","templated":true}]}}