
{"id":73825,"date":"2018-07-27T19:51:51","date_gmt":"2018-07-27T22:51:51","guid":{"rendered":"http:\/\/www.sudoestehoje.com.br\/novoportal\/?p=73825"},"modified":"2018-07-27T22:29:43","modified_gmt":"2018-07-28T01:29:43","slug":"diretor-do-detran-nega-semaforos-para-itapetinga-prefeito-e-da-oposicao","status":"publish","type":"post","link":"https:\/\/www.sudoestehoje.com.br\/novoportal\/2018\/07\/27\/diretor-do-detran-nega-semaforos-para-itapetinga-prefeito-e-da-oposicao\/","title":{"rendered":"DIRETOR DO DETRAN NEGA SEM\u00c1FOROS PARA ITAPETINGA; &#8220;PREFEITO \u00c9 DA OPOSI\u00c7\u00c3O&#8221;"},"content":{"rendered":"<div id=\"attachment_73827\" style=\"width: 510px\" class=\"wp-caption aligncenter\"><a href=\"http:\/\/www.sudoestehoje.com.br\/novoportal\/wp-content\/uploads\/2018\/07\/L\u00facio-Gomes-diretor-geral-do-Detran-Foto_El\u00f3i-Corr\u00eaa_GOVBA.jpg\"><img loading=\"lazy\" decoding=\"async\" aria-describedby=\"caption-attachment-73827\" class=\"size-medium wp-image-73827\" src=\"http:\/\/www.sudoestehoje.com.br\/novoportal\/wp-content\/uploads\/2018\/07\/L\u00facio-Gomes-diretor-geral-do-Detran-Foto_El\u00f3i-Corr\u00eaa_GOVBA-500x312.jpg\" alt=\"\" width=\"500\" height=\"312\" srcset=\"https:\/\/www.sudoestehoje.com.br\/novoportal\/wp-content\/uploads\/2018\/07\/L\u00facio-Gomes-diretor-geral-do-Detran-Foto_El\u00f3i-Corr\u00eaa_GOVBA-500x312.jpg 500w, https:\/\/www.sudoestehoje.com.br\/novoportal\/wp-content\/uploads\/2018\/07\/L\u00facio-Gomes-diretor-geral-do-Detran-Foto_El\u00f3i-Corr\u00eaa_GOVBA.jpg 700w\" sizes=\"auto, (max-width: 500px) 100vw, 500px\" \/><\/a><p id=\"caption-attachment-73827\" class=\"wp-caption-text\"><strong><em>L\u00daCIO GOMES \u00c9 DIRETOR GERAL DO DETRAN DA BAHIA<\/em><\/strong><\/p><\/div>\n<p>Sob o argumento de que <strong><em>&#8220;o prefeito de Itapetinga \u00e9 da oposi\u00e7\u00e3o&#8221;<\/em><\/strong>, o Diretor Geral do Detran da Bahia, L\u00facio Gomes, negou a execu\u00e7\u00e3o do projeto de sinaliza\u00e7\u00e3o semaf\u00f3rica na sede do munic\u00edpio de Itapetinga, descumprindo autoriza\u00e7\u00e3o do pr\u00f3prio vice-governador Jo\u00e3o Le\u00e3o e do Secret\u00e1rio da Infraestrutura da Bahia, que atenderam\u00a0 solicita\u00e7\u00e3o do prefeito Rodrigo Hagge (MDB) e do deputado estadual Marcelo Nilo, que \u00e9 da base governista.<\/p>\n<p>Se a negativa ao pedido, por si s\u00f3, j\u00e1 \u00e9 injusta, o argumento tosco e deselegante usado pelo in\u00e1bil Diretor Geral do Detran da Bahia \u00e9 inaceit\u00e1vel e indigno para quem ocupa cargo de confian\u00e7a em \u00f3rg\u00e3o p\u00fablico do Estado, cuja obriga\u00e7\u00e3o prec\u00edpua \u00e9 servir a todos os munic\u00edpios, independente da filia\u00e7\u00e3o partid\u00e1ria dos seus gestores.<\/p>\n<p>Em contato com o <em>Sudoeste Hoje<\/em>, o prefeito Rodrigo Hagge confirmou a informa\u00e7\u00e3o e se mostrou indignado com a atitude de L\u00facio Gomes. O prefeito de Itapetinga pretende levar o caso \u00e0 SEINFRA, e se necess\u00e1rio ao pr\u00f3prio governador Rui Costa.<\/p>\n<p>O projeto executivo da sinaliza\u00e7\u00e3o por sem\u00e1foros de Itapetinga foi chancelado pelo Coordenador da 19\u00aa Ciretran e aprovado por t\u00e9cnicos do pr\u00f3prio Departamento de Tr\u00e2nsito da Bahia.<\/p>\n<p>Ser\u00e1 que tem pol\u00edtico daqui botando o dedo no suspiro?<\/p>\n<p><strong><em>Por Davi Ferraz<\/em><\/strong><\/p>\n","protected":false},"excerpt":{"rendered":"<p>Sob o argumento de que &#8220;o prefeito de Itapetinga \u00e9 da oposi\u00e7\u00e3o&#8221;, o Diretor Geral do Detran da Bahia, L\u00facio Gomes, negou a execu\u00e7\u00e3o do projeto de sinaliza\u00e7\u00e3o semaf\u00f3rica na sede do munic\u00edpio de Itapetinga, descumprindo autoriza\u00e7\u00e3o do pr\u00f3prio vice-governador Jo\u00e3o Le\u00e3o e do Secret\u00e1rio da Infraestrutura da Bahia, que atenderam\u00a0 solicita\u00e7\u00e3o do prefeito Rodrigo [&hellip;]<\/p>\n","protected":false},"author":2,"featured_media":73827,"comment_status":"open","ping_status":"open","sticky":false,"template":"","format":"standard","meta":{"footnotes":"","_links_to":"","_links_to_target":""},"categories":[1],"tags":[],"class_list":["post-73825","post","type-post","status-publish","format-standard","has-post-thumbnail","hentry","category-geral"],"views":2190,"_links":{"self":[{"href":"https:\/\/www.sudoestehoje.com.br\/novoportal\/wp-json\/wp\/v2\/posts\/73825","targetHints":{"allow":["GET"]}}],"collection":[{"href":"https:\/\/www.sudoestehoje.com.br\/novoportal\/wp-json\/wp\/v2\/posts"}],"about":[{"href":"https:\/\/www.sudoestehoje.com.br\/novoportal\/wp-json\/wp\/v2\/types\/post"}],"author":[{"embeddable":true,"href":"https:\/\/www.sudoestehoje.com.br\/novoportal\/wp-json\/wp\/v2\/users\/2"}],"replies":[{"embeddable":true,"href":"https:\/\/www.sudoestehoje.com.br\/novoportal\/wp-json\/wp\/v2\/comments?post=73825"}],"version-history":[{"count":6,"href":"https:\/\/www.sudoestehoje.com.br\/novoportal\/wp-json\/wp\/v2\/posts\/73825\/revisions"}],"predecessor-version":[{"id":73837,"href":"https:\/\/www.sudoestehoje.com.br\/novoportal\/wp-json\/wp\/v2\/posts\/73825\/revisions\/73837"}],"wp:featuredmedia":[{"embeddable":true,"href":"https:\/\/www.sudoestehoje.com.br\/novoportal\/wp-json\/wp\/v2\/media\/73827"}],"wp:attachment":[{"href":"https:\/\/www.sudoestehoje.com.br\/novoportal\/wp-json\/wp\/v2\/media?parent=73825"}],"wp:term":[{"taxonomy":"category","embeddable":true,"href":"https:\/\/www.sudoestehoje.com.br\/novoportal\/wp-json\/wp\/v2\/categories?post=73825"},{"taxonomy":"post_tag","embeddable":true,"href":"https:\/\/www.sudoestehoje.com.br\/novoportal\/wp-json\/wp\/v2\/tags?post=73825"}],"curies":[{"name":"wp","href":"https:\/\/api.w.org\/{rel}","templated":true}]}}