
{"id":73820,"date":"2018-07-26T21:33:24","date_gmt":"2018-07-27T00:33:24","guid":{"rendered":"http:\/\/www.sudoestehoje.com.br\/novoportal\/?p=73820"},"modified":"2018-07-26T21:33:24","modified_gmt":"2018-07-27T00:33:24","slug":"emenda-parlamentar-de-lucio-vai-reforcar-custeio-da-saude-em-itapetinga","status":"publish","type":"post","link":"https:\/\/www.sudoestehoje.com.br\/novoportal\/2018\/07\/26\/emenda-parlamentar-de-lucio-vai-reforcar-custeio-da-saude-em-itapetinga\/","title":{"rendered":"EMENDA PARLAMENTAR DE L\u00daCIO VAI REFOR\u00c7AR CUSTEIO DA SA\u00daDE EM ITAPETINGA"},"content":{"rendered":"<p><a href=\"http:\/\/www.sudoestehoje.com.br\/novoportal\/wp-content\/uploads\/2018\/07\/luciovieiralima.jpg\"><img loading=\"lazy\" decoding=\"async\" class=\"aligncenter size-medium wp-image-73821\" src=\"http:\/\/www.sudoestehoje.com.br\/novoportal\/wp-content\/uploads\/2018\/07\/luciovieiralima-500x324.jpg\" alt=\"\" width=\"500\" height=\"324\" srcset=\"https:\/\/www.sudoestehoje.com.br\/novoportal\/wp-content\/uploads\/2018\/07\/luciovieiralima-500x324.jpg 500w, https:\/\/www.sudoestehoje.com.br\/novoportal\/wp-content\/uploads\/2018\/07\/luciovieiralima.jpg 550w\" sizes=\"auto, (max-width: 500px) 100vw, 500px\" \/><\/a><\/p>\n<p>Mais um passo para oferecer uma sa\u00fade p\u00fablica de qualidade. Na manh\u00e3 desta quinta-feira, 26, o prefeito Rodrigo Hagge informou ao setor respons\u00e1vel a conquista de mais verbas para o custeio da sa\u00fade em Itapetinga.<\/p>\n<p>Atrav\u00e9s de emenda parlamentar do deputado federal L\u00facio Vieira Lima (MDB), no valor de R$ 200 mil, a cidade vai poder aperfei\u00e7oar os seus servi\u00e7os.<\/p>\n<p>Ciente de que \u00e9 preciso investir mais em sa\u00fade p\u00fablica, o prefeito Rodrigo Hagge vem buscando meios para alocar mais recursos para o funcionamento dos servi\u00e7os com qualidade, para a amplia\u00e7\u00e3o da oferta e a melhoria da gest\u00e3o.<\/p>\n","protected":false},"excerpt":{"rendered":"<p>Mais um passo para oferecer uma sa\u00fade p\u00fablica de qualidade. Na manh\u00e3 desta quinta-feira, 26, o prefeito Rodrigo Hagge informou ao setor respons\u00e1vel a conquista de mais verbas para o custeio da sa\u00fade em Itapetinga. Atrav\u00e9s de emenda parlamentar do deputado federal L\u00facio Vieira Lima (MDB), no valor de R$ 200 mil, a cidade vai [&hellip;]<\/p>\n","protected":false},"author":2,"featured_media":73821,"comment_status":"open","ping_status":"open","sticky":false,"template":"","format":"standard","meta":{"footnotes":"","_links_to":"","_links_to_target":""},"categories":[1],"tags":[],"class_list":["post-73820","post","type-post","status-publish","format-standard","has-post-thumbnail","hentry","category-geral"],"views":1265,"_links":{"self":[{"href":"https:\/\/www.sudoestehoje.com.br\/novoportal\/wp-json\/wp\/v2\/posts\/73820","targetHints":{"allow":["GET"]}}],"collection":[{"href":"https:\/\/www.sudoestehoje.com.br\/novoportal\/wp-json\/wp\/v2\/posts"}],"about":[{"href":"https:\/\/www.sudoestehoje.com.br\/novoportal\/wp-json\/wp\/v2\/types\/post"}],"author":[{"embeddable":true,"href":"https:\/\/www.sudoestehoje.com.br\/novoportal\/wp-json\/wp\/v2\/users\/2"}],"replies":[{"embeddable":true,"href":"https:\/\/www.sudoestehoje.com.br\/novoportal\/wp-json\/wp\/v2\/comments?post=73820"}],"version-history":[{"count":2,"href":"https:\/\/www.sudoestehoje.com.br\/novoportal\/wp-json\/wp\/v2\/posts\/73820\/revisions"}],"predecessor-version":[{"id":73823,"href":"https:\/\/www.sudoestehoje.com.br\/novoportal\/wp-json\/wp\/v2\/posts\/73820\/revisions\/73823"}],"wp:featuredmedia":[{"embeddable":true,"href":"https:\/\/www.sudoestehoje.com.br\/novoportal\/wp-json\/wp\/v2\/media\/73821"}],"wp:attachment":[{"href":"https:\/\/www.sudoestehoje.com.br\/novoportal\/wp-json\/wp\/v2\/media?parent=73820"}],"wp:term":[{"taxonomy":"category","embeddable":true,"href":"https:\/\/www.sudoestehoje.com.br\/novoportal\/wp-json\/wp\/v2\/categories?post=73820"},{"taxonomy":"post_tag","embeddable":true,"href":"https:\/\/www.sudoestehoje.com.br\/novoportal\/wp-json\/wp\/v2\/tags?post=73820"}],"curies":[{"name":"wp","href":"https:\/\/api.w.org\/{rel}","templated":true}]}}