
{"id":73815,"date":"2018-07-26T19:52:15","date_gmt":"2018-07-26T22:52:15","guid":{"rendered":"http:\/\/www.sudoestehoje.com.br\/novoportal\/?p=73815"},"modified":"2018-07-26T20:53:11","modified_gmt":"2018-07-26T23:53:11","slug":"convencoes-vao-definir-candidatos-ao-governo-da-bahia-a-partir-deste-sabado","status":"publish","type":"post","link":"https:\/\/www.sudoestehoje.com.br\/novoportal\/2018\/07\/26\/convencoes-vao-definir-candidatos-ao-governo-da-bahia-a-partir-deste-sabado\/","title":{"rendered":"CONVEN\u00c7\u00d5ES V\u00c3O DEFINIR CANDIDATOS AO GOVERNO DA BAHIA A PARTIR DESTE S\u00c1BADO"},"content":{"rendered":"<div class=\"mc-column content-text active-extra-styles active-capital-letter\" data-block-type=\"unstyled\" data-block-weight=\"62\" data-block-id=\"2\">\n<p class=\"content-text__container theme-color-primary-first-letter\" data-track-category=\"Link no Texto\" data-track-links=\"\"><a href=\"http:\/\/www.sudoestehoje.com.br\/novoportal\/wp-content\/uploads\/2018\/07\/pre.jpg\"><img loading=\"lazy\" decoding=\"async\" class=\"aligncenter size-medium wp-image-73817\" src=\"http:\/\/www.sudoestehoje.com.br\/novoportal\/wp-content\/uploads\/2018\/07\/pre-500x433.jpg\" alt=\"\" width=\"500\" height=\"433\" srcset=\"https:\/\/www.sudoestehoje.com.br\/novoportal\/wp-content\/uploads\/2018\/07\/pre-500x433.jpg 500w, https:\/\/www.sudoestehoje.com.br\/novoportal\/wp-content\/uploads\/2018\/07\/pre.jpg 640w\" sizes=\"auto, (max-width: 500px) 100vw, 500px\" \/><\/a><\/p>\n<p class=\"content-text__container theme-color-primary-first-letter\" data-track-category=\"Link no Texto\" data-track-links=\"\">As conven\u00e7\u00f5es partid\u00e1rias para defini\u00e7\u00e3o dos candidatos ao cargo de governador da Bahia nas elei\u00e7\u00f5es deste ano come\u00e7am no s\u00e1bado (28).\u00a0<a href=\"https:\/\/g1.globo.com\/ba\/bahia\/noticia\/saiba-quem-sao-os-pre-candidatos-ao-governo-da-bahia-g1-lista-perfil-de-cada-um.ghtml\">Sete partidos j\u00e1 anunciaram pr\u00e9-candidatos ao posto<\/a>. O pleito ocorrer\u00e1 no dia 7 de outubro, em primeiro turno, e no dia 28 do mesmo m\u00eas, nos casos de segundo turno.\u00a0<em>[Confira abaixo as datas e locais das conven\u00e7\u00f5es de cada partido]<\/em><\/p>\n<\/div>\n<div class=\"wall\">\n<div class=\"mc-column content-text active-extra-styles\" data-block-type=\"raw\" data-block-weight=\"15\" data-block-id=\"3\">\n<ul class=\"content-unordered-list\">\n<li><a href=\"https:\/\/g1.globo.com\/ba\/bahia\/noticia\/saiba-quem-sao-os-pre-candidatos-ao-governo-da-bahia-g1-lista-perfil-de-cada-um.ghtml\">Saiba quem s\u00e3o os pr\u00e9-candidatos ao governo da BA; G1 lista perfil de cada um<\/a><\/li>\n<\/ul>\n<\/div>\n<div class=\"mc-column content-text active-extra-styles \" data-block-type=\"unstyled\" data-block-weight=\"44\" data-block-id=\"4\">\n<p class=\"content-text__container \" data-track-category=\"Link no Texto\" data-track-links=\"\">As conven\u00e7\u00f5es partid\u00e1rias s\u00e3o reuni\u00f5es de filiados a uma legenda para an\u00e1lise de assuntos de interesse do grupo. Nas conven\u00e7\u00f5es estaduais, s\u00e3o escolhidos os candidatos oficiais a cargos p\u00fablicos como governador e vice-governador, senador e respectivos suplentes, deputado federal e deputado estadual, por exemplo.<\/p>\n<\/div>\n<div class=\"mc-column content-text active-extra-styles \" data-block-type=\"unstyled\" data-block-weight=\"54\" data-block-id=\"5\">\n<p class=\"content-text__container \" data-track-category=\"Link no Texto\" data-track-links=\"\">Os partidos t\u00eam at\u00e9 5 de agosto para realizarem as reuni\u00f5es, conforme calend\u00e1rio eleitoral. Ap\u00f3s delibera\u00e7\u00e3o dos filiados da agremia\u00e7\u00e3o, os candidatos escolhidos poder\u00e3o pedir o registro de candidatura \u00e0 Justi\u00e7a Eleitoral at\u00e9 15 de agosto, e os requerimentos ser\u00e3o julgados at\u00e9 17 de setembro. A partir do dia 16, come\u00e7ar\u00e1 a propaganda eleitoral.<\/p>\n<p class=\"content-text__container \" data-track-category=\"Link no Texto\" data-track-links=\"\"><em>Confira abaixo as datas e locais das conven\u00e7\u00f5es de cada partido<\/em><\/p>\n<div class=\"show-table__container\">\n<table class=\"show-table__content show-table__content--highlight-top show-table__content--highlight-left \">\n<tbody>\n<tr>\n<td>Data<\/td>\n<td>Partido<\/td>\n<td>Pr\u00e9-candidato a governador<\/td>\n<td>Local da conven\u00e7\u00e3o<\/td>\n<\/tr>\n<tr>\n<td>28\/07 (s\u00e1bado)<\/td>\n<td>Rede Sustentabilidade<\/td>\n<td>C\u00e9lia Sacramento<\/td>\n<td>Audit\u00f3rio do Centro Empresarial Iguatemi (a partir das 8h)<\/td>\n<\/tr>\n<tr>\n<td>29\/07 (domingo)<\/td>\n<td>PSol<\/td>\n<td>Marcos Mendes<\/td>\n<td>Escola de Dan\u00e7a da Ufba, no bairro de Ondina (a partir das 9h)<\/td>\n<\/tr>\n<tr>\n<td>31\/07 (ter\u00e7a-feira)<\/td>\n<td>PRTB<\/td>\n<td>Jo\u00e3o Henrique<\/td>\n<td>Edif\u00edcio Salvador Shopping Business, Torre Europa (Sala 3), Alameda Salvador (a partir das 8h)<\/td>\n<\/tr>\n<tr>\n<td>01\/08 (quarta-feira)<\/td>\n<td>MDB<\/td>\n<td>Jo\u00e3o Santana<\/td>\n<td>Sede do partido, na Rua Arthur de Azevedo Machado, Costa Azul (a partir das 9h)<\/td>\n<\/tr>\n<tr>\n<td>03\/08 (sexta-feira)<\/td>\n<td>DEM<\/td>\n<td>Jos\u00e9 Ronaldo<\/td>\n<td>Hotel Fiesta, bairro do Itaigara, em Salvador (a partir das 9h)<\/td>\n<\/tr>\n<tr>\n<td>04\/08 (s\u00e1bado)<\/td>\n<td>PT<\/td>\n<td>Rui Costa<\/td>\n<td>Parque de Exposi\u00e7\u00f5es, em Salvador (partir das 9h)<\/td>\n<\/tr>\n<tr>\n<td>04\/08 (s\u00e1bado)<\/td>\n<td>PSDC<\/td>\n<td>Marcos Maur\u00edcio<\/td>\n<td>Centro Empresarial Iguatemi (CEI), na Av. Tancredo Neves, em Salvador (a partir das 8h30)<\/td>\n<\/tr>\n<\/tbody>\n<\/table>\n<\/div>\n<div class=\"show-table__footer\"><\/div>\n<\/div>\n<\/div>\n","protected":false},"excerpt":{"rendered":"<p>As conven\u00e7\u00f5es partid\u00e1rias para defini\u00e7\u00e3o dos candidatos ao cargo de governador da Bahia nas elei\u00e7\u00f5es deste ano come\u00e7am no s\u00e1bado (28).\u00a0Sete partidos j\u00e1 anunciaram pr\u00e9-candidatos ao posto. O pleito ocorrer\u00e1 no dia 7 de outubro, em primeiro turno, e no dia 28 do mesmo m\u00eas, nos casos de segundo turno.\u00a0[Confira abaixo as datas e locais [&hellip;]<\/p>\n","protected":false},"author":2,"featured_media":73817,"comment_status":"open","ping_status":"open","sticky":false,"template":"","format":"standard","meta":{"footnotes":"","_links_to":"","_links_to_target":""},"categories":[1],"tags":[],"class_list":["post-73815","post","type-post","status-publish","format-standard","has-post-thumbnail","hentry","category-geral"],"views":1000,"_links":{"self":[{"href":"https:\/\/www.sudoestehoje.com.br\/novoportal\/wp-json\/wp\/v2\/posts\/73815","targetHints":{"allow":["GET"]}}],"collection":[{"href":"https:\/\/www.sudoestehoje.com.br\/novoportal\/wp-json\/wp\/v2\/posts"}],"about":[{"href":"https:\/\/www.sudoestehoje.com.br\/novoportal\/wp-json\/wp\/v2\/types\/post"}],"author":[{"embeddable":true,"href":"https:\/\/www.sudoestehoje.com.br\/novoportal\/wp-json\/wp\/v2\/users\/2"}],"replies":[{"embeddable":true,"href":"https:\/\/www.sudoestehoje.com.br\/novoportal\/wp-json\/wp\/v2\/comments?post=73815"}],"version-history":[{"count":3,"href":"https:\/\/www.sudoestehoje.com.br\/novoportal\/wp-json\/wp\/v2\/posts\/73815\/revisions"}],"predecessor-version":[{"id":73819,"href":"https:\/\/www.sudoestehoje.com.br\/novoportal\/wp-json\/wp\/v2\/posts\/73815\/revisions\/73819"}],"wp:featuredmedia":[{"embeddable":true,"href":"https:\/\/www.sudoestehoje.com.br\/novoportal\/wp-json\/wp\/v2\/media\/73817"}],"wp:attachment":[{"href":"https:\/\/www.sudoestehoje.com.br\/novoportal\/wp-json\/wp\/v2\/media?parent=73815"}],"wp:term":[{"taxonomy":"category","embeddable":true,"href":"https:\/\/www.sudoestehoje.com.br\/novoportal\/wp-json\/wp\/v2\/categories?post=73815"},{"taxonomy":"post_tag","embeddable":true,"href":"https:\/\/www.sudoestehoje.com.br\/novoportal\/wp-json\/wp\/v2\/tags?post=73815"}],"curies":[{"name":"wp","href":"https:\/\/api.w.org\/{rel}","templated":true}]}}