
{"id":73781,"date":"2018-07-25T20:20:45","date_gmt":"2018-07-25T23:20:45","guid":{"rendered":"http:\/\/www.sudoestehoje.com.br\/novoportal\/?p=73781"},"modified":"2018-07-25T20:20:45","modified_gmt":"2018-07-25T23:20:45","slug":"tcm-retira-gastos-com-terceirizados-do-indice-de-pessoal-dos-municipios","status":"publish","type":"post","link":"https:\/\/www.sudoestehoje.com.br\/novoportal\/2018\/07\/25\/tcm-retira-gastos-com-terceirizados-do-indice-de-pessoal-dos-municipios\/","title":{"rendered":"TCM RETIRA GASTOS COM TERCEIRIZADOS DO \u00cdNDICE DE PESSOAL DOS MUNIC\u00cdPIOS"},"content":{"rendered":"<p><a href=\"http:\/\/www.sudoestehoje.com.br\/novoportal\/wp-content\/uploads\/2018\/07\/TERCEIRIZADOS.png\"><img loading=\"lazy\" decoding=\"async\" class=\"aligncenter size-medium wp-image-73785\" src=\"http:\/\/www.sudoestehoje.com.br\/novoportal\/wp-content\/uploads\/2018\/07\/TERCEIRIZADOS-500x375.png\" alt=\"\" width=\"500\" height=\"375\" srcset=\"https:\/\/www.sudoestehoje.com.br\/novoportal\/wp-content\/uploads\/2018\/07\/TERCEIRIZADOS-500x375.png 500w, https:\/\/www.sudoestehoje.com.br\/novoportal\/wp-content\/uploads\/2018\/07\/TERCEIRIZADOS-768x576.png 768w, https:\/\/www.sudoestehoje.com.br\/novoportal\/wp-content\/uploads\/2018\/07\/TERCEIRIZADOS-700x525.png 700w, https:\/\/www.sudoestehoje.com.br\/novoportal\/wp-content\/uploads\/2018\/07\/TERCEIRIZADOS.png 1024w\" sizes=\"auto, (max-width: 500px) 100vw, 500px\" \/><\/a><\/p>\n<p>O Tribunal de Contas dos Munic\u00edpios da Bahia (TCM) aprovou, por unanimidade, no plen\u00e1rio da corte, nesta quarta-feira (25), a instru\u00e7\u00e3o normativa que orienta a retirada do gasto com trabalhadores terceirizados do \u00edndice de pessoal.<\/p>\n<p>A Lei de Responsabilidade Fiscal (LRF) estabelece como teto do gasto com funcion\u00e1rios das prefeituras 54% da receita corrente l\u00edquida do munic\u00edpio. Com a decis\u00e3o, esse c\u00e1lculo n\u00e3o computar\u00e1 mais os trabalhadores terceirizados.<\/p>\n<p>A expectativa com a nova instru\u00e7\u00e3o \u00e9 reduzir o n\u00famero de contas rejeitadas e as penalidades aplicadas aos gestores municipais, como explica o presidente da UPB.<\/p>\n<p>A instru\u00e7\u00e3o normativa do TCM-BA determina que n\u00e3o sejam considerados para o \u00edndice das despesas de pessoal a contrata\u00e7\u00e3o para atividade-meio (seguran\u00e7a, vigil\u00e2ncia, transportes, inform\u00e1tica, recep\u00e7\u00e3o, manuten\u00e7\u00e3o de pr\u00e9dios, equipamentos e instala\u00e7\u00f5es).<\/p>\n<p>A contrata\u00e7\u00e3o de organiza\u00e7\u00f5es sociais (OSs) e Organiza\u00e7\u00f5es da Sociedade Civil de Interesse P\u00fablico (Oscips) para servi\u00e7os de sa\u00fade tamb\u00e9m n\u00e3o ter\u00e3o os profissionais considerados no c\u00e1lculo, assim como terceirizados quando os cargos estiverem extintos ou em extin\u00e7\u00e3o nas prefeituras.<\/p>\n","protected":false},"excerpt":{"rendered":"<p>O Tribunal de Contas dos Munic\u00edpios da Bahia (TCM) aprovou, por unanimidade, no plen\u00e1rio da corte, nesta quarta-feira (25), a instru\u00e7\u00e3o normativa que orienta a retirada do gasto com trabalhadores terceirizados do \u00edndice de pessoal. A Lei de Responsabilidade Fiscal (LRF) estabelece como teto do gasto com funcion\u00e1rios das prefeituras 54% da receita corrente l\u00edquida [&hellip;]<\/p>\n","protected":false},"author":2,"featured_media":73785,"comment_status":"open","ping_status":"open","sticky":false,"template":"","format":"standard","meta":{"footnotes":"","_links_to":"","_links_to_target":""},"categories":[1],"tags":[],"class_list":["post-73781","post","type-post","status-publish","format-standard","has-post-thumbnail","hentry","category-geral"],"views":1291,"_links":{"self":[{"href":"https:\/\/www.sudoestehoje.com.br\/novoportal\/wp-json\/wp\/v2\/posts\/73781","targetHints":{"allow":["GET"]}}],"collection":[{"href":"https:\/\/www.sudoestehoje.com.br\/novoportal\/wp-json\/wp\/v2\/posts"}],"about":[{"href":"https:\/\/www.sudoestehoje.com.br\/novoportal\/wp-json\/wp\/v2\/types\/post"}],"author":[{"embeddable":true,"href":"https:\/\/www.sudoestehoje.com.br\/novoportal\/wp-json\/wp\/v2\/users\/2"}],"replies":[{"embeddable":true,"href":"https:\/\/www.sudoestehoje.com.br\/novoportal\/wp-json\/wp\/v2\/comments?post=73781"}],"version-history":[{"count":4,"href":"https:\/\/www.sudoestehoje.com.br\/novoportal\/wp-json\/wp\/v2\/posts\/73781\/revisions"}],"predecessor-version":[{"id":73786,"href":"https:\/\/www.sudoestehoje.com.br\/novoportal\/wp-json\/wp\/v2\/posts\/73781\/revisions\/73786"}],"wp:featuredmedia":[{"embeddable":true,"href":"https:\/\/www.sudoestehoje.com.br\/novoportal\/wp-json\/wp\/v2\/media\/73785"}],"wp:attachment":[{"href":"https:\/\/www.sudoestehoje.com.br\/novoportal\/wp-json\/wp\/v2\/media?parent=73781"}],"wp:term":[{"taxonomy":"category","embeddable":true,"href":"https:\/\/www.sudoestehoje.com.br\/novoportal\/wp-json\/wp\/v2\/categories?post=73781"},{"taxonomy":"post_tag","embeddable":true,"href":"https:\/\/www.sudoestehoje.com.br\/novoportal\/wp-json\/wp\/v2\/tags?post=73781"}],"curies":[{"name":"wp","href":"https:\/\/api.w.org\/{rel}","templated":true}]}}