
{"id":73773,"date":"2018-07-25T19:29:48","date_gmt":"2018-07-25T22:29:48","guid":{"rendered":"http:\/\/www.sudoestehoje.com.br\/novoportal\/?p=73773"},"modified":"2018-07-25T19:29:48","modified_gmt":"2018-07-25T22:29:48","slug":"pt-mantem-candidatura-de-lula-como-estrategia-para-eleger-outros-petistas","status":"publish","type":"post","link":"https:\/\/www.sudoestehoje.com.br\/novoportal\/2018\/07\/25\/pt-mantem-candidatura-de-lula-como-estrategia-para-eleger-outros-petistas\/","title":{"rendered":"PT MANT\u00c9M &#8216;CANDIDATURA DE LULA&#8217; COMO ESTRAT\u00c9GIA PARA ELEGER OUTROS PETISTAS"},"content":{"rendered":"<p><a href=\"http:\/\/www.sudoestehoje.com.br\/novoportal\/wp-content\/uploads\/2018\/07\/lula-by-sputinik.jpg\"><img loading=\"lazy\" decoding=\"async\" class=\"aligncenter size-medium wp-image-73775\" src=\"http:\/\/www.sudoestehoje.com.br\/novoportal\/wp-content\/uploads\/2018\/07\/lula-by-sputinik-500x271.jpg\" alt=\"\" width=\"500\" height=\"271\" srcset=\"https:\/\/www.sudoestehoje.com.br\/novoportal\/wp-content\/uploads\/2018\/07\/lula-by-sputinik-500x271.jpg 500w, https:\/\/www.sudoestehoje.com.br\/novoportal\/wp-content\/uploads\/2018\/07\/lula-by-sputinik-768x415.jpg 768w, https:\/\/www.sudoestehoje.com.br\/novoportal\/wp-content\/uploads\/2018\/07\/lula-by-sputinik-700x379.jpg 700w, https:\/\/www.sudoestehoje.com.br\/novoportal\/wp-content\/uploads\/2018\/07\/lula-by-sputinik.jpg 1000w\" sizes=\"auto, (max-width: 500px) 100vw, 500px\" \/><\/a><\/p>\n<p>Apesar de o registro de candidaturas acabar em 15 de agosto, o prazo para julgar registros \u00e9 17 de setembro, a 20 dias do 1\u00ba turno. Isso n\u00e3o inclui eventuais recursos, mas o PT conta com o ritmo lento da Justi\u00e7a para manter Lula \u201ccandidato oficial\u201d at\u00e9 a decis\u00e3o final sobre o registro do petista. Essa \u00e9 a estrat\u00e9gia do PT, que tenta enganar o eleitor com uma candidatura que na verdade n\u00e3o existe.<\/p>\n<p>A prioridade do PT \u00e9 a bancada de deputados federais e n\u00e3o Lula, que \u00e9 carta fora do baralho.<br \/>\nA lorota da presidente do PT, Gleisi Hoffmann, de que Lula \u00e9 \u2018candidato sem registro\u2019 \u00e9 desenhada apenas para tentar eleger \u2018\u00f3rf\u00e3os\u2019 de Lula. Petistas sem apoio e alian\u00e7as s\u00f3 conseguir\u00e3o se eleger com o apoio de Lula.<\/p>\n<p>Sem Lula candidato do PT, muitas candidaturas j\u00e1 est\u00e3o perdidas. S\u00f3 priorizando seus deputados o PT vai sobreviver. \u00c9 o tamanho dessa bancada que determina quanto o partido recebe por m\u00eas do Fund\u00e3o.<\/p>\n<p>O sonho do PT \u00e9 que o nome de Lula seja inclu\u00eddo nas urnas, mesmo com o ex-presidente preso por corrup\u00e7\u00e3o e lavagem de dinheiro. \/\/A informa\u00e7\u00e3o \u00e9 da\u00a0<a href=\"https:\/\/diariodopoder.com.br\/coluna-claudio-humberto\/\" target=\"_blank\" rel=\"noopener noreferrer\">Coluna Cl\u00e1udio Humberto<\/a>, do Di\u00e1rio do Poder.<\/p>\n","protected":false},"excerpt":{"rendered":"<p>Apesar de o registro de candidaturas acabar em 15 de agosto, o prazo para julgar registros \u00e9 17 de setembro, a 20 dias do 1\u00ba turno. Isso n\u00e3o inclui eventuais recursos, mas o PT conta com o ritmo lento da Justi\u00e7a para manter Lula \u201ccandidato oficial\u201d at\u00e9 a decis\u00e3o final sobre o registro do petista. [&hellip;]<\/p>\n","protected":false},"author":2,"featured_media":73775,"comment_status":"open","ping_status":"open","sticky":false,"template":"","format":"standard","meta":{"footnotes":"","_links_to":"","_links_to_target":""},"categories":[1],"tags":[],"class_list":["post-73773","post","type-post","status-publish","format-standard","has-post-thumbnail","hentry","category-geral"],"views":1209,"_links":{"self":[{"href":"https:\/\/www.sudoestehoje.com.br\/novoportal\/wp-json\/wp\/v2\/posts\/73773","targetHints":{"allow":["GET"]}}],"collection":[{"href":"https:\/\/www.sudoestehoje.com.br\/novoportal\/wp-json\/wp\/v2\/posts"}],"about":[{"href":"https:\/\/www.sudoestehoje.com.br\/novoportal\/wp-json\/wp\/v2\/types\/post"}],"author":[{"embeddable":true,"href":"https:\/\/www.sudoestehoje.com.br\/novoportal\/wp-json\/wp\/v2\/users\/2"}],"replies":[{"embeddable":true,"href":"https:\/\/www.sudoestehoje.com.br\/novoportal\/wp-json\/wp\/v2\/comments?post=73773"}],"version-history":[{"count":6,"href":"https:\/\/www.sudoestehoje.com.br\/novoportal\/wp-json\/wp\/v2\/posts\/73773\/revisions"}],"predecessor-version":[{"id":73780,"href":"https:\/\/www.sudoestehoje.com.br\/novoportal\/wp-json\/wp\/v2\/posts\/73773\/revisions\/73780"}],"wp:featuredmedia":[{"embeddable":true,"href":"https:\/\/www.sudoestehoje.com.br\/novoportal\/wp-json\/wp\/v2\/media\/73775"}],"wp:attachment":[{"href":"https:\/\/www.sudoestehoje.com.br\/novoportal\/wp-json\/wp\/v2\/media?parent=73773"}],"wp:term":[{"taxonomy":"category","embeddable":true,"href":"https:\/\/www.sudoestehoje.com.br\/novoportal\/wp-json\/wp\/v2\/categories?post=73773"},{"taxonomy":"post_tag","embeddable":true,"href":"https:\/\/www.sudoestehoje.com.br\/novoportal\/wp-json\/wp\/v2\/tags?post=73773"}],"curies":[{"name":"wp","href":"https:\/\/api.w.org\/{rel}","templated":true}]}}