
{"id":73770,"date":"2018-07-25T18:04:21","date_gmt":"2018-07-25T21:04:21","guid":{"rendered":"http:\/\/www.sudoestehoje.com.br\/novoportal\/?p=73770"},"modified":"2018-07-25T18:04:21","modified_gmt":"2018-07-25T21:04:21","slug":"eleicoes-2018-proibida-a-realizacao-de-enquetes-eleitorais","status":"publish","type":"post","link":"https:\/\/www.sudoestehoje.com.br\/novoportal\/2018\/07\/25\/eleicoes-2018-proibida-a-realizacao-de-enquetes-eleitorais\/","title":{"rendered":"ELEI\u00c7\u00d5ES 2018: PROIBIDA A REALIZA\u00c7\u00c3O DE ENQUETES ELEITORAIS"},"content":{"rendered":"<p><a href=\"http:\/\/www.sudoestehoje.com.br\/novoportal\/wp-content\/uploads\/2018\/07\/enquetes_eleitorais.jpg\"><img loading=\"lazy\" decoding=\"async\" class=\"aligncenter size-medium wp-image-73771\" src=\"http:\/\/www.sudoestehoje.com.br\/novoportal\/wp-content\/uploads\/2018\/07\/enquetes_eleitorais-500x222.jpg\" alt=\"\" width=\"500\" height=\"222\" srcset=\"https:\/\/www.sudoestehoje.com.br\/novoportal\/wp-content\/uploads\/2018\/07\/enquetes_eleitorais-500x222.jpg 500w, https:\/\/www.sudoestehoje.com.br\/novoportal\/wp-content\/uploads\/2018\/07\/enquetes_eleitorais-768x341.jpg 768w, https:\/\/www.sudoestehoje.com.br\/novoportal\/wp-content\/uploads\/2018\/07\/enquetes_eleitorais-700x311.jpg 700w, https:\/\/www.sudoestehoje.com.br\/novoportal\/wp-content\/uploads\/2018\/07\/enquetes_eleitorais.jpg 890w\" sizes=\"auto, (max-width: 500px) 100vw, 500px\" \/><\/a><\/p>\n<p>A realiza\u00e7\u00e3o de enquetes sobre as Elei\u00e7\u00f5es 2018 est\u00e1 proibida. A regra, v\u00e1lida desde a \u00faltima sexta-feira (20\/7), segue a Resolu\u00e7\u00e3o TSE n\u00ba 23.549\/2017, que define como enquete ou sondagem \u201ca pesquisa de opini\u00e3o p\u00fablica que n\u00e3o obede\u00e7a \u00e0s disposi\u00e7\u00f5es legais e \u00e0s determina\u00e7\u00f5es previstas\u201d na pr\u00f3pria norma, ou seja, s\u00e3o levantamentos que n\u00e3o atendem a requisitos formais e a rigores cient\u00edficos.<\/p>\n<p>At\u00e9 as elei\u00e7\u00f5es municipais de 2012, as enquetes e sondagens podiam ser realizadas, desde que sua divulga\u00e7\u00e3o estivesse condicionada \u00e0 informa\u00e7\u00e3o clara de que se tratava de mero levantamento de opini\u00f5es, sem controle de amostragem cient\u00edfica.<\/p>\n<p>Com a mudan\u00e7a determinada pela Lei n\u00b0 12.891\/2013, foi acrescentado o par\u00e1grafo 5\u00ba do artigo 33 na Lei n\u00b0 9.504\/1997 (Lei das Elei\u00e7\u00f5es) com a seguinte reda\u00e7\u00e3o: \u201c\u00c9 vedada, no per\u00edodo de campanha eleitoral, a realiza\u00e7\u00e3o de enquetes relacionadas ao processo eleitoral\u201d.<\/p>\n<p>Pela Resolu\u00e7\u00e3o TSE n\u00ba 23.549\/2017, esse tipo de levantamento deve ser punido com o pagamento de multa prevista no par\u00e1grafo 3\u00ba do artigo 33 da Lei n\u00ba 9.504\/97 (Lei das Elei\u00e7\u00f5es), independentemente da men\u00e7\u00e3o ao fato de n\u00e3o se tratar de pesquisa eleitoral.<\/p>\n","protected":false},"excerpt":{"rendered":"<p>A realiza\u00e7\u00e3o de enquetes sobre as Elei\u00e7\u00f5es 2018 est\u00e1 proibida. A regra, v\u00e1lida desde a \u00faltima sexta-feira (20\/7), segue a Resolu\u00e7\u00e3o TSE n\u00ba 23.549\/2017, que define como enquete ou sondagem \u201ca pesquisa de opini\u00e3o p\u00fablica que n\u00e3o obede\u00e7a \u00e0s disposi\u00e7\u00f5es legais e \u00e0s determina\u00e7\u00f5es previstas\u201d na pr\u00f3pria norma, ou seja, s\u00e3o levantamentos que n\u00e3o atendem [&hellip;]<\/p>\n","protected":false},"author":2,"featured_media":73771,"comment_status":"open","ping_status":"open","sticky":false,"template":"","format":"standard","meta":{"footnotes":"","_links_to":"","_links_to_target":""},"categories":[1],"tags":[],"class_list":["post-73770","post","type-post","status-publish","format-standard","has-post-thumbnail","hentry","category-geral"],"views":1154,"_links":{"self":[{"href":"https:\/\/www.sudoestehoje.com.br\/novoportal\/wp-json\/wp\/v2\/posts\/73770","targetHints":{"allow":["GET"]}}],"collection":[{"href":"https:\/\/www.sudoestehoje.com.br\/novoportal\/wp-json\/wp\/v2\/posts"}],"about":[{"href":"https:\/\/www.sudoestehoje.com.br\/novoportal\/wp-json\/wp\/v2\/types\/post"}],"author":[{"embeddable":true,"href":"https:\/\/www.sudoestehoje.com.br\/novoportal\/wp-json\/wp\/v2\/users\/2"}],"replies":[{"embeddable":true,"href":"https:\/\/www.sudoestehoje.com.br\/novoportal\/wp-json\/wp\/v2\/comments?post=73770"}],"version-history":[{"count":1,"href":"https:\/\/www.sudoestehoje.com.br\/novoportal\/wp-json\/wp\/v2\/posts\/73770\/revisions"}],"predecessor-version":[{"id":73772,"href":"https:\/\/www.sudoestehoje.com.br\/novoportal\/wp-json\/wp\/v2\/posts\/73770\/revisions\/73772"}],"wp:featuredmedia":[{"embeddable":true,"href":"https:\/\/www.sudoestehoje.com.br\/novoportal\/wp-json\/wp\/v2\/media\/73771"}],"wp:attachment":[{"href":"https:\/\/www.sudoestehoje.com.br\/novoportal\/wp-json\/wp\/v2\/media?parent=73770"}],"wp:term":[{"taxonomy":"category","embeddable":true,"href":"https:\/\/www.sudoestehoje.com.br\/novoportal\/wp-json\/wp\/v2\/categories?post=73770"},{"taxonomy":"post_tag","embeddable":true,"href":"https:\/\/www.sudoestehoje.com.br\/novoportal\/wp-json\/wp\/v2\/tags?post=73770"}],"curies":[{"name":"wp","href":"https:\/\/api.w.org\/{rel}","templated":true}]}}