
{"id":73761,"date":"2018-07-24T22:11:59","date_gmt":"2018-07-25T01:11:59","guid":{"rendered":"http:\/\/www.sudoestehoje.com.br\/novoportal\/?p=73761"},"modified":"2018-07-24T22:22:18","modified_gmt":"2018-07-25T01:22:18","slug":"prefeitura-de-itambe-tem-parcela-do-fpm-bloqueada-pelo-nao-recolhimento-do-pasep","status":"publish","type":"post","link":"https:\/\/www.sudoestehoje.com.br\/novoportal\/2018\/07\/24\/prefeitura-de-itambe-tem-parcela-do-fpm-bloqueada-pelo-nao-recolhimento-do-pasep\/","title":{"rendered":"PREFEITURA DE ITAMB\u00c9 TEM PARCELA DO FPM BLOQUEADA PELO N\u00c3O RECOLHIMENTO DO PASEP"},"content":{"rendered":"<p><a href=\"http:\/\/www.sudoestehoje.com.br\/novoportal\/wp-content\/uploads\/2018\/07\/FPM.jpg\"><img loading=\"lazy\" decoding=\"async\" class=\"aligncenter size-medium wp-image-73763\" src=\"http:\/\/www.sudoestehoje.com.br\/novoportal\/wp-content\/uploads\/2018\/07\/FPM-500x275.jpg\" alt=\"\" width=\"500\" height=\"275\" srcset=\"https:\/\/www.sudoestehoje.com.br\/novoportal\/wp-content\/uploads\/2018\/07\/FPM-500x275.jpg 500w, https:\/\/www.sudoestehoje.com.br\/novoportal\/wp-content\/uploads\/2018\/07\/FPM.jpg 768w, https:\/\/www.sudoestehoje.com.br\/novoportal\/wp-content\/uploads\/2018\/07\/FPM-700x386.jpg 700w\" sizes=\"auto, (max-width: 500px) 100vw, 500px\" \/><\/a><\/p>\n<p>O munic\u00edpio de Itamb\u00e9 teve bloqueio nos recursos do Fundo de Participa\u00e7\u00e3o dos Munic\u00edpios (FPM), no repasse referente ao dia 20 de julho, pelo n\u00e3o recolhimento de recolhimento do PASEP (Programa de Forma\u00e7\u00e3o do Patrim\u00f4nio do Servidor P\u00fablico). Atrav\u00e9s desse tributo \u00e9 que s\u00e3o pagos benef\u00edcios como o Seguro Desemprego e Abono Salarial.<\/p>\n<p>De acordo com o blog <em>Itamb\u00e9 Agora<\/em>, a reten\u00e7\u00e3o do recurso foi realizada no \u00faltimo dia 14, impedindo a libera\u00e7\u00e3o das parcelas dos dias 20 e 30 deste m\u00eas, at\u00e9 a sua regulariza\u00e7\u00e3o na Delegacia Regional da Receita Federal.<\/p>\n<p><a href=\"http:\/\/www.sudoestehoje.com.br\/novoportal\/wp-content\/uploads\/2018\/07\/TABELA.jpg\"><img loading=\"lazy\" decoding=\"async\" class=\"aligncenter size-medium wp-image-73766\" src=\"http:\/\/www.sudoestehoje.com.br\/novoportal\/wp-content\/uploads\/2018\/07\/TABELA-500x241.jpg\" alt=\"\" width=\"500\" height=\"241\" srcset=\"https:\/\/www.sudoestehoje.com.br\/novoportal\/wp-content\/uploads\/2018\/07\/TABELA-500x241.jpg 500w, https:\/\/www.sudoestehoje.com.br\/novoportal\/wp-content\/uploads\/2018\/07\/TABELA.jpg 607w\" sizes=\"auto, (max-width: 500px) 100vw, 500px\" \/><\/a><\/p>\n<p>Para que haja a libera\u00e7\u00e3o das parcelas bloqueadas do FPM, \u00e9 preciso que o munic\u00edpio efetue o recolhimento, mas ainda n\u00e3o\u00a0h\u00e1 informa\u00e7\u00e3o se a situa\u00e7\u00e3o j\u00e1 foi regularizada pela prefeitura.<\/p>\n<p>Falta de dinheiro ou incompet\u00eancia?<\/p>\n","protected":false},"excerpt":{"rendered":"<p>O munic\u00edpio de Itamb\u00e9 teve bloqueio nos recursos do Fundo de Participa\u00e7\u00e3o dos Munic\u00edpios (FPM), no repasse referente ao dia 20 de julho, pelo n\u00e3o recolhimento de recolhimento do PASEP (Programa de Forma\u00e7\u00e3o do Patrim\u00f4nio do Servidor P\u00fablico). Atrav\u00e9s desse tributo \u00e9 que s\u00e3o pagos benef\u00edcios como o Seguro Desemprego e Abono Salarial. De acordo [&hellip;]<\/p>\n","protected":false},"author":2,"featured_media":73763,"comment_status":"open","ping_status":"open","sticky":false,"template":"","format":"standard","meta":{"footnotes":"","_links_to":"","_links_to_target":""},"categories":[1],"tags":[],"class_list":["post-73761","post","type-post","status-publish","format-standard","has-post-thumbnail","hentry","category-geral"],"views":1253,"_links":{"self":[{"href":"https:\/\/www.sudoestehoje.com.br\/novoportal\/wp-json\/wp\/v2\/posts\/73761","targetHints":{"allow":["GET"]}}],"collection":[{"href":"https:\/\/www.sudoestehoje.com.br\/novoportal\/wp-json\/wp\/v2\/posts"}],"about":[{"href":"https:\/\/www.sudoestehoje.com.br\/novoportal\/wp-json\/wp\/v2\/types\/post"}],"author":[{"embeddable":true,"href":"https:\/\/www.sudoestehoje.com.br\/novoportal\/wp-json\/wp\/v2\/users\/2"}],"replies":[{"embeddable":true,"href":"https:\/\/www.sudoestehoje.com.br\/novoportal\/wp-json\/wp\/v2\/comments?post=73761"}],"version-history":[{"count":6,"href":"https:\/\/www.sudoestehoje.com.br\/novoportal\/wp-json\/wp\/v2\/posts\/73761\/revisions"}],"predecessor-version":[{"id":73769,"href":"https:\/\/www.sudoestehoje.com.br\/novoportal\/wp-json\/wp\/v2\/posts\/73761\/revisions\/73769"}],"wp:featuredmedia":[{"embeddable":true,"href":"https:\/\/www.sudoestehoje.com.br\/novoportal\/wp-json\/wp\/v2\/media\/73763"}],"wp:attachment":[{"href":"https:\/\/www.sudoestehoje.com.br\/novoportal\/wp-json\/wp\/v2\/media?parent=73761"}],"wp:term":[{"taxonomy":"category","embeddable":true,"href":"https:\/\/www.sudoestehoje.com.br\/novoportal\/wp-json\/wp\/v2\/categories?post=73761"},{"taxonomy":"post_tag","embeddable":true,"href":"https:\/\/www.sudoestehoje.com.br\/novoportal\/wp-json\/wp\/v2\/tags?post=73761"}],"curies":[{"name":"wp","href":"https:\/\/api.w.org\/{rel}","templated":true}]}}