
{"id":73746,"date":"2018-07-24T19:09:58","date_gmt":"2018-07-24T22:09:58","guid":{"rendered":"http:\/\/www.sudoestehoje.com.br\/novoportal\/?p=73746"},"modified":"2018-07-24T20:06:23","modified_gmt":"2018-07-24T23:06:23","slug":"carteiras-de-trabalho-vao-passar-a-ser-emitidas-em-agencias-dos-correios","status":"publish","type":"post","link":"https:\/\/www.sudoestehoje.com.br\/novoportal\/2018\/07\/24\/carteiras-de-trabalho-vao-passar-a-ser-emitidas-em-agencias-dos-correios\/","title":{"rendered":"CARTEIRAS DE TRABALHO V\u00c3O PASSAR A SER EMITIDAS EM AG\u00caNCIAS DOS CORREIOS"},"content":{"rendered":"<p><a href=\"http:\/\/www.sudoestehoje.com.br\/novoportal\/wp-content\/uploads\/2018\/07\/carteira-1000x530.jpg\"><img loading=\"lazy\" decoding=\"async\" class=\"aligncenter size-medium wp-image-73747\" src=\"http:\/\/www.sudoestehoje.com.br\/novoportal\/wp-content\/uploads\/2018\/07\/carteira-1000x530-500x265.jpg\" alt=\"\" width=\"500\" height=\"265\" srcset=\"https:\/\/www.sudoestehoje.com.br\/novoportal\/wp-content\/uploads\/2018\/07\/carteira-1000x530-500x265.jpg 500w, https:\/\/www.sudoestehoje.com.br\/novoportal\/wp-content\/uploads\/2018\/07\/carteira-1000x530-768x407.jpg 768w, https:\/\/www.sudoestehoje.com.br\/novoportal\/wp-content\/uploads\/2018\/07\/carteira-1000x530-700x371.jpg 700w, https:\/\/www.sudoestehoje.com.br\/novoportal\/wp-content\/uploads\/2018\/07\/carteira-1000x530.jpg 1000w\" sizes=\"auto, (max-width: 500px) 100vw, 500px\" \/><\/a><\/p>\n<p>O Minist\u00e9rio do Trabalho e a Empresa Brasileira de Correios e Tel\u00e9grafos v\u00e3o firmar, nos pr\u00f3ximos dias, acordo de coopera\u00e7\u00e3o t\u00e9cnica para emiss\u00e3o da carteira de trabalho e previd\u00eancia social nas unidades da empresa.Pelo acordo, que foi anunciado nesta segunda-feira (23), o projeto piloto ser\u00e1 implantado nos pr\u00f3ximos 30 dias no estado de S\u00e3o Paulo.<\/p>\n<p>Segundo o secret\u00e1rio executivo substituto do Minist\u00e9rio do Trabalho, Admilson Moreira, a iniciativa tem o objetivo de descentralizar a emiss\u00e3o da carteira de trabalho manual e informatizada e de levar o servi\u00e7o para mais perto da popula\u00e7\u00e3o. \u201cO prop\u00f3sito da parceria \u00e9 oferecer um servi\u00e7o mais \u00e1gil e acess\u00edvel ao trabalhador\u201d, disse Moreira.<\/p>\n<p>De acordo com o minist\u00e9rio, de janeiro a maio deste ano, foram emitidas mais de 2,3 milh\u00f5es de carteiras de trabalho no pa\u00eds, das quais 580 mil no estado de S\u00e3o Paulo.<\/p>\n<p>O servi\u00e7o de emiss\u00e3o de carteiras est\u00e1 dispon\u00edvel nas unidades ligadas ao Minist\u00e9rio do Trabalho e em unidades descentralizadas espalhadas pelo pa\u00eds, por meio de parcerias com estados e munic\u00edpios. A rede conta com cerca de 2,1 mil postos de atendimento.<\/p>\n","protected":false},"excerpt":{"rendered":"<p>O Minist\u00e9rio do Trabalho e a Empresa Brasileira de Correios e Tel\u00e9grafos v\u00e3o firmar, nos pr\u00f3ximos dias, acordo de coopera\u00e7\u00e3o t\u00e9cnica para emiss\u00e3o da carteira de trabalho e previd\u00eancia social nas unidades da empresa.Pelo acordo, que foi anunciado nesta segunda-feira (23), o projeto piloto ser\u00e1 implantado nos pr\u00f3ximos 30 dias no estado de S\u00e3o Paulo. [&hellip;]<\/p>\n","protected":false},"author":2,"featured_media":73747,"comment_status":"open","ping_status":"open","sticky":false,"template":"","format":"standard","meta":{"footnotes":"","_links_to":"","_links_to_target":""},"categories":[1],"tags":[],"class_list":["post-73746","post","type-post","status-publish","format-standard","has-post-thumbnail","hentry","category-geral"],"views":978,"_links":{"self":[{"href":"https:\/\/www.sudoestehoje.com.br\/novoportal\/wp-json\/wp\/v2\/posts\/73746","targetHints":{"allow":["GET"]}}],"collection":[{"href":"https:\/\/www.sudoestehoje.com.br\/novoportal\/wp-json\/wp\/v2\/posts"}],"about":[{"href":"https:\/\/www.sudoestehoje.com.br\/novoportal\/wp-json\/wp\/v2\/types\/post"}],"author":[{"embeddable":true,"href":"https:\/\/www.sudoestehoje.com.br\/novoportal\/wp-json\/wp\/v2\/users\/2"}],"replies":[{"embeddable":true,"href":"https:\/\/www.sudoestehoje.com.br\/novoportal\/wp-json\/wp\/v2\/comments?post=73746"}],"version-history":[{"count":3,"href":"https:\/\/www.sudoestehoje.com.br\/novoportal\/wp-json\/wp\/v2\/posts\/73746\/revisions"}],"predecessor-version":[{"id":73750,"href":"https:\/\/www.sudoestehoje.com.br\/novoportal\/wp-json\/wp\/v2\/posts\/73746\/revisions\/73750"}],"wp:featuredmedia":[{"embeddable":true,"href":"https:\/\/www.sudoestehoje.com.br\/novoportal\/wp-json\/wp\/v2\/media\/73747"}],"wp:attachment":[{"href":"https:\/\/www.sudoestehoje.com.br\/novoportal\/wp-json\/wp\/v2\/media?parent=73746"}],"wp:term":[{"taxonomy":"category","embeddable":true,"href":"https:\/\/www.sudoestehoje.com.br\/novoportal\/wp-json\/wp\/v2\/categories?post=73746"},{"taxonomy":"post_tag","embeddable":true,"href":"https:\/\/www.sudoestehoje.com.br\/novoportal\/wp-json\/wp\/v2\/tags?post=73746"}],"curies":[{"name":"wp","href":"https:\/\/api.w.org\/{rel}","templated":true}]}}