
{"id":73737,"date":"2018-07-24T12:41:09","date_gmt":"2018-07-24T15:41:09","guid":{"rendered":"http:\/\/www.sudoestehoje.com.br\/novoportal\/?p=73737"},"modified":"2018-07-24T12:41:09","modified_gmt":"2018-07-24T15:41:09","slug":"lazaro-deve-concorrer-ao-senado-na-chapa-de-ze-ronaldo-jutahy-quer-vetar","status":"publish","type":"post","link":"https:\/\/www.sudoestehoje.com.br\/novoportal\/2018\/07\/24\/lazaro-deve-concorrer-ao-senado-na-chapa-de-ze-ronaldo-jutahy-quer-vetar\/","title":{"rendered":"L\u00c1ZARO DEVE CONCORRER AO SENADO NA CHAPA DE Z\u00c9 RONALDO; JUTAHY QUER VETAR"},"content":{"rendered":"<p><a href=\"http:\/\/www.sudoestehoje.com.br\/novoportal\/wp-content\/uploads\/2018\/07\/IRMAO-LAZARO-E-JUTAHY-MAGALHAES.jpg\"><img loading=\"lazy\" decoding=\"async\" class=\"aligncenter size-medium wp-image-73739\" src=\"http:\/\/www.sudoestehoje.com.br\/novoportal\/wp-content\/uploads\/2018\/07\/IRMAO-LAZARO-E-JUTAHY-MAGALHAES-500x321.jpg\" alt=\"\" width=\"500\" height=\"321\" srcset=\"https:\/\/www.sudoestehoje.com.br\/novoportal\/wp-content\/uploads\/2018\/07\/IRMAO-LAZARO-E-JUTAHY-MAGALHAES-500x321.jpg 500w, https:\/\/www.sudoestehoje.com.br\/novoportal\/wp-content\/uploads\/2018\/07\/IRMAO-LAZARO-E-JUTAHY-MAGALHAES-768x492.jpg 768w, https:\/\/www.sudoestehoje.com.br\/novoportal\/wp-content\/uploads\/2018\/07\/IRMAO-LAZARO-E-JUTAHY-MAGALHAES-700x449.jpg 700w, https:\/\/www.sudoestehoje.com.br\/novoportal\/wp-content\/uploads\/2018\/07\/IRMAO-LAZARO-E-JUTAHY-MAGALHAES.jpg 780w\" sizes=\"auto, (max-width: 500px) 100vw, 500px\" \/><\/a><\/p>\n<p>A chapa liderada por Jos\u00e9 Ronaldo para a elei\u00e7\u00e3o deste ano come\u00e7a a ganhar sua forma final. Segundo informa\u00e7\u00f5es obtidas pelo Bahia Not\u00edcias nesta segunda-feira (23), o deputado federal Irm\u00e3o L\u00e1zaro (PSC) deve ficar com a segunda vaga de candidato ao Senado. A negocia\u00e7\u00e3o foi encaminhada depois que o centr\u00e3o decidiu, em Bras\u00edlia, apoiar Geraldo Alckmin (PSDB) na corrida pelo Pal\u00e1cio do Planalto.<\/p>\n<p>O deputado federal Jutahy Magalh\u00e3es (PSDB), j\u00e1 confirmado como pr\u00e9-candidato ao Senado, n\u00e3o deseja que L\u00e1zaro dispute uma vaga com ele e por isso oferece resist\u00eancia ao nome do parlamentar do PSC durante as negocia\u00e7\u00f5es. Contudo, o prov\u00e1vel apoio do DEM a Alckmin para presidente, aumenta o poder de negocia\u00e7\u00e3o da legenda para que Jutahy n\u00e3o tenha como vetar a candidatura de L\u00e1zaro<\/p>\n","protected":false},"excerpt":{"rendered":"<p>A chapa liderada por Jos\u00e9 Ronaldo para a elei\u00e7\u00e3o deste ano come\u00e7a a ganhar sua forma final. Segundo informa\u00e7\u00f5es obtidas pelo Bahia Not\u00edcias nesta segunda-feira (23), o deputado federal Irm\u00e3o L\u00e1zaro (PSC) deve ficar com a segunda vaga de candidato ao Senado. A negocia\u00e7\u00e3o foi encaminhada depois que o centr\u00e3o decidiu, em Bras\u00edlia, apoiar Geraldo [&hellip;]<\/p>\n","protected":false},"author":2,"featured_media":73739,"comment_status":"open","ping_status":"open","sticky":false,"template":"","format":"standard","meta":{"footnotes":"","_links_to":"","_links_to_target":""},"categories":[1],"tags":[],"class_list":["post-73737","post","type-post","status-publish","format-standard","has-post-thumbnail","hentry","category-geral"],"views":1110,"_links":{"self":[{"href":"https:\/\/www.sudoestehoje.com.br\/novoportal\/wp-json\/wp\/v2\/posts\/73737","targetHints":{"allow":["GET"]}}],"collection":[{"href":"https:\/\/www.sudoestehoje.com.br\/novoportal\/wp-json\/wp\/v2\/posts"}],"about":[{"href":"https:\/\/www.sudoestehoje.com.br\/novoportal\/wp-json\/wp\/v2\/types\/post"}],"author":[{"embeddable":true,"href":"https:\/\/www.sudoestehoje.com.br\/novoportal\/wp-json\/wp\/v2\/users\/2"}],"replies":[{"embeddable":true,"href":"https:\/\/www.sudoestehoje.com.br\/novoportal\/wp-json\/wp\/v2\/comments?post=73737"}],"version-history":[{"count":1,"href":"https:\/\/www.sudoestehoje.com.br\/novoportal\/wp-json\/wp\/v2\/posts\/73737\/revisions"}],"predecessor-version":[{"id":73740,"href":"https:\/\/www.sudoestehoje.com.br\/novoportal\/wp-json\/wp\/v2\/posts\/73737\/revisions\/73740"}],"wp:featuredmedia":[{"embeddable":true,"href":"https:\/\/www.sudoestehoje.com.br\/novoportal\/wp-json\/wp\/v2\/media\/73739"}],"wp:attachment":[{"href":"https:\/\/www.sudoestehoje.com.br\/novoportal\/wp-json\/wp\/v2\/media?parent=73737"}],"wp:term":[{"taxonomy":"category","embeddable":true,"href":"https:\/\/www.sudoestehoje.com.br\/novoportal\/wp-json\/wp\/v2\/categories?post=73737"},{"taxonomy":"post_tag","embeddable":true,"href":"https:\/\/www.sudoestehoje.com.br\/novoportal\/wp-json\/wp\/v2\/tags?post=73737"}],"curies":[{"name":"wp","href":"https:\/\/api.w.org\/{rel}","templated":true}]}}