
{"id":73723,"date":"2018-07-24T07:49:02","date_gmt":"2018-07-24T10:49:02","guid":{"rendered":"http:\/\/www.sudoestehoje.com.br\/novoportal\/?p=73723"},"modified":"2018-07-24T12:27:30","modified_gmt":"2018-07-24T15:27:30","slug":"urgente-pf-cumpre-mandado-em-residencia-no-centro-de-itapetinga","status":"publish","type":"post","link":"https:\/\/www.sudoestehoje.com.br\/novoportal\/2018\/07\/24\/urgente-pf-cumpre-mandado-em-residencia-no-centro-de-itapetinga\/","title":{"rendered":"URGENTE! PF CUMPRE MANDADO EM RESID\u00caNCIA NO CENTRO DE ITAPETINGA"},"content":{"rendered":"<p><a href=\"http:\/\/www.sudoestehoje.com.br\/novoportal\/wp-content\/uploads\/2018\/07\/casa-pf.jpg\"><img loading=\"lazy\" decoding=\"async\" class=\"aligncenter size-medium wp-image-73734\" src=\"http:\/\/www.sudoestehoje.com.br\/novoportal\/wp-content\/uploads\/2018\/07\/casa-pf-500x394.jpg\" alt=\"\" width=\"500\" height=\"394\" srcset=\"https:\/\/www.sudoestehoje.com.br\/novoportal\/wp-content\/uploads\/2018\/07\/casa-pf-500x394.jpg 500w, https:\/\/www.sudoestehoje.com.br\/novoportal\/wp-content\/uploads\/2018\/07\/casa-pf-700x552.jpg 700w, https:\/\/www.sudoestehoje.com.br\/novoportal\/wp-content\/uploads\/2018\/07\/casa-pf.jpg 720w\" sizes=\"auto, (max-width: 500px) 100vw, 500px\" \/><\/a><\/p>\n<p>Neste momento (7h) a Pol\u00edcia Federal cumpre mandado de busca e apreens\u00e3o em um pr\u00e9dio no centro de Itapetinga, na rua Montes Claros, nas proximidades das Lojas Americanas.<\/p>\n<p>A a\u00e7\u00e3o da PF ocorre em um pequeno pr\u00e9dio ao lado do Ed. Morada Real, Hoje, o que confirma que pessoas de Itapetinga tamb\u00e9m s\u00e3o alvos da Opera\u00e7\u00e3o Ciranda de Padra, deflagrada para apurar desvios de verbas federais em <em><strong>Maiquinique<\/strong><\/em>, com ramifica\u00e7\u00f5es em\u00a0<strong><em>Macarani, Itapetinga, Itamaraju, Teixeira de Freitas, Jequi\u00e9, Mirante e Vit\u00f3ria da Conquista.<\/em><\/strong><\/p>\n<p><a href=\"http:\/\/www.sudoestehoje.com.br\/novoportal\/wp-content\/uploads\/2018\/07\/casa-pf-1.jpg\"><img loading=\"lazy\" decoding=\"async\" class=\"aligncenter size-medium wp-image-73735\" src=\"http:\/\/www.sudoestehoje.com.br\/novoportal\/wp-content\/uploads\/2018\/07\/casa-pf-1-500x369.jpg\" alt=\"\" width=\"500\" height=\"369\" srcset=\"https:\/\/www.sudoestehoje.com.br\/novoportal\/wp-content\/uploads\/2018\/07\/casa-pf-1-500x369.jpg 500w, https:\/\/www.sudoestehoje.com.br\/novoportal\/wp-content\/uploads\/2018\/07\/casa-pf-1.jpg 700w\" sizes=\"auto, (max-width: 500px) 100vw, 500px\" \/><\/a><\/p>\n<p>O nome do morador do im\u00f3vel objeto da opera\u00e7\u00e3o da Pol\u00edcia Federal n\u00e3o foi revelado. Aguardem mais informa\u00e7\u00f5es.<\/p>\n<p><em><strong>Por Davi Ferraz<\/strong><\/em><\/p>\n","protected":false},"excerpt":{"rendered":"<p>Neste momento (7h) a Pol\u00edcia Federal cumpre mandado de busca e apreens\u00e3o em um pr\u00e9dio no centro de Itapetinga, na rua Montes Claros, nas proximidades das Lojas Americanas. A a\u00e7\u00e3o da PF ocorre em um pequeno pr\u00e9dio ao lado do Ed. Morada Real, Hoje, o que confirma que pessoas de Itapetinga tamb\u00e9m s\u00e3o alvos da [&hellip;]<\/p>\n","protected":false},"author":2,"featured_media":73731,"comment_status":"open","ping_status":"open","sticky":false,"template":"","format":"standard","meta":{"footnotes":"","_links_to":"","_links_to_target":""},"categories":[1],"tags":[],"class_list":["post-73723","post","type-post","status-publish","format-standard","has-post-thumbnail","hentry","category-geral"],"views":6232,"_links":{"self":[{"href":"https:\/\/www.sudoestehoje.com.br\/novoportal\/wp-json\/wp\/v2\/posts\/73723","targetHints":{"allow":["GET"]}}],"collection":[{"href":"https:\/\/www.sudoestehoje.com.br\/novoportal\/wp-json\/wp\/v2\/posts"}],"about":[{"href":"https:\/\/www.sudoestehoje.com.br\/novoportal\/wp-json\/wp\/v2\/types\/post"}],"author":[{"embeddable":true,"href":"https:\/\/www.sudoestehoje.com.br\/novoportal\/wp-json\/wp\/v2\/users\/2"}],"replies":[{"embeddable":true,"href":"https:\/\/www.sudoestehoje.com.br\/novoportal\/wp-json\/wp\/v2\/comments?post=73723"}],"version-history":[{"count":8,"href":"https:\/\/www.sudoestehoje.com.br\/novoportal\/wp-json\/wp\/v2\/posts\/73723\/revisions"}],"predecessor-version":[{"id":73736,"href":"https:\/\/www.sudoestehoje.com.br\/novoportal\/wp-json\/wp\/v2\/posts\/73723\/revisions\/73736"}],"wp:featuredmedia":[{"embeddable":true,"href":"https:\/\/www.sudoestehoje.com.br\/novoportal\/wp-json\/wp\/v2\/media\/73731"}],"wp:attachment":[{"href":"https:\/\/www.sudoestehoje.com.br\/novoportal\/wp-json\/wp\/v2\/media?parent=73723"}],"wp:term":[{"taxonomy":"category","embeddable":true,"href":"https:\/\/www.sudoestehoje.com.br\/novoportal\/wp-json\/wp\/v2\/categories?post=73723"},{"taxonomy":"post_tag","embeddable":true,"href":"https:\/\/www.sudoestehoje.com.br\/novoportal\/wp-json\/wp\/v2\/tags?post=73723"}],"curies":[{"name":"wp","href":"https:\/\/api.w.org\/{rel}","templated":true}]}}