
{"id":73718,"date":"2018-07-24T07:15:54","date_gmt":"2018-07-24T10:15:54","guid":{"rendered":"http:\/\/www.sudoestehoje.com.br\/novoportal\/?p=73718"},"modified":"2018-07-24T07:15:54","modified_gmt":"2018-07-24T10:15:54","slug":"pf-deflagra-operacao-em-combate-a-desvio-de-dinheiro-na-prefeitura-de-maiquinique","status":"publish","type":"post","link":"https:\/\/www.sudoestehoje.com.br\/novoportal\/2018\/07\/24\/pf-deflagra-operacao-em-combate-a-desvio-de-dinheiro-na-prefeitura-de-maiquinique\/","title":{"rendered":"PF DEFLAGRA OPERA\u00c7\u00c3O EM COMBATE A DESVIO DE DINHEIRO NA PREFEITURA DE MAIQUINIQUE"},"content":{"rendered":"<div class=\"mc-column content-text active-extra-styles active-capital-letter\" data-block-type=\"unstyled\" data-block-weight=\"44\" data-block-id=\"1\">\n<p class=\"content-text__container theme-color-primary-first-letter\" data-track-category=\"Link no Texto\" data-track-links=\"\"><a href=\"http:\/\/www.sudoestehoje.com.br\/novoportal\/wp-content\/uploads\/2018\/07\/PF-1.jpg\"><img loading=\"lazy\" decoding=\"async\" class=\"aligncenter size-medium wp-image-73719\" src=\"http:\/\/www.sudoestehoje.com.br\/novoportal\/wp-content\/uploads\/2018\/07\/PF-1-500x334.jpg\" alt=\"\" width=\"500\" height=\"334\" srcset=\"https:\/\/www.sudoestehoje.com.br\/novoportal\/wp-content\/uploads\/2018\/07\/PF-1-500x334.jpg 500w, https:\/\/www.sudoestehoje.com.br\/novoportal\/wp-content\/uploads\/2018\/07\/PF-1.jpg 600w\" sizes=\"auto, (max-width: 500px) 100vw, 500px\" \/><\/a><\/p>\n<p class=\"content-text__container theme-color-primary-first-letter\" data-track-category=\"Link no Texto\" data-track-links=\"\">Pol\u00edcia Federal, em conjunto com a Controladoria Geral da Uni\u00e3o, deflagra nesta ter\u00e7a-feira (24) a OPERA\u00c7\u00c3O CIRANDA DE PEDRA, que visa combater crimes de desvio de recursos p\u00fablicos destinados \u00e0 \u00e1rea da infraestrutura na cidade de Maiquinique\/BA nos anos de 2012 a 2017.<\/p>\n<\/div>\n<div class=\"wall\">\n<div class=\"mc-column content-text active-extra-styles \" data-block-type=\"unstyled\" data-block-weight=\"43\" data-block-id=\"2\">\n<p class=\"content-text__container \" data-track-category=\"Link no Texto\" data-track-links=\"\">Cerca de 60 Policiais Federais, acompanhados de nove auditores da Controladoria Geral da Uni\u00e3o, cumprem vinte mandados de busca e apreens\u00e3o e catorze mandados de intima\u00e7\u00e3o nos munic\u00edpios baianos de <strong><em>Maiquinique, Macarani, Itapetinga, Itamaraju, Teixeira de Freitas, Jequi\u00e9, Mirante e Vit\u00f3ria da Conquista.<\/em><\/strong><\/p>\n<\/div>\n<div class=\"mc-column content-text active-extra-styles \" data-block-type=\"unstyled\" data-block-weight=\"46\" data-block-id=\"3\">\n<p class=\"content-text__container \" data-track-category=\"Link no Texto\" data-track-links=\"\">A opera\u00e7\u00e3o decorre de uma investiga\u00e7\u00e3o iniciada em 2017, sobre obras inacabadas na pavimenta\u00e7\u00e3o com bloquete sextavado que deveriam ter sido executadas nas ruas do munic\u00edpio de Maiquinique, decorrentes de seis procedimentos licitat\u00f3rios celebrados na gest\u00e3o local, quadri\u00eanio 2013-2016, em conv\u00eanio com o Minist\u00e9rio das Cidades.<\/p>\n<\/div>\n<div class=\"mc-column content-text active-extra-styles \" data-block-type=\"unstyled\" data-block-weight=\"37\" data-block-id=\"4\">\n<p class=\"content-text__container \" data-track-category=\"Link no Texto\" data-track-links=\"\">Al\u00e9m dos servi\u00e7os n\u00e3o executados ou parcialmente executados, a investiga\u00e7\u00e3o descobriu que um grupo de quatro empresas fazia revezamento nas licita\u00e7\u00f5es e parte dos recursos era destinada a pagamentos de parentes e pessoas ligadas \u00e0 Administra\u00e7\u00e3o Municipal.<\/p>\n<\/div>\n<div class=\"mc-column content-text active-extra-styles \" data-block-type=\"unstyled\" data-block-weight=\"20\" data-block-id=\"5\">\n<p class=\"content-text__container \" data-track-category=\"Link no Texto\" data-track-links=\"\">Apurou-se, ainda, que algumas dessas empresas, vencedoras de licita\u00e7\u00f5es recorrentes, serviam apenas de \u201cfachada\u201d e eram compostas por s\u00f3cios \u201claranjas\u201d.<\/p>\n<\/div>\n<div class=\"mc-column content-text active-extra-styles \" data-block-type=\"unstyled\" data-block-weight=\"61\" data-block-id=\"6\">\n<p class=\"content-text__container \" data-track-category=\"Link no Texto\" data-track-links=\"\">A organiza\u00e7\u00e3o criminosa obteve contratos da ordem de R$ 3.428.183,03 (tr\u00eas milh\u00f5es, quatrocentos e vinte e oito mil, cento e oitenta e tr\u00eas reais e tr\u00eas centavos), dos quais R$ 1.587.619,76 (um milh\u00e3o, quinhentos e oitenta e sete mil, seiscentos e dezenove reais e setenta e seis centavos) est\u00e1 estimado como o valor potencial do desvio com ordem de bloqueio judicial.<\/p>\n<\/div>\n<div class=\"mc-column content-text active-extra-styles \" data-block-type=\"unstyled\" data-block-weight=\"44\" data-block-id=\"7\">\n<p class=\"content-text__container \" data-track-category=\"Link no Texto\" data-track-links=\"\">O t\u00edtulo &#8216;Ciranda de Pedra&#8217; traduz uma fonte de m\u00faltiplos significados. No entanto, a &#8216;ciranda&#8217; da obra de Lygia Fagundes Teles \u00e9 formada por pedras, simbolicamente representando a sua dureza, a desintegra\u00e7\u00e3o, o fechamento entre seus participantes e a n\u00e3o aceita\u00e7\u00e3o de novos membros.<\/p>\n<\/div>\n<\/div>\n<div data-track-category=\"fim do conteudo\" data-track-action=\"ultimo chunk conteudo\" data-track-noninteraction=\"false\" data-track-scroll=\"entrada completa viewport\">\n<div class=\"mc-column content-text active-extra-styles \" data-block-type=\"unstyled\" data-block-weight=\"19\" data-block-id=\"8\">\n<p class=\"content-text__container \" data-track-category=\"Link no Texto\" data-track-links=\"\">Os envolvidos responder\u00e3o pelos crimes de organiza\u00e7\u00e3o criminosa, lavagem de dinheiro, desvio de recursos p\u00fablicos e fraude \u00e0 licita\u00e7\u00e3o.<\/p>\n<\/div>\n<\/div>\n","protected":false},"excerpt":{"rendered":"<p>Pol\u00edcia Federal, em conjunto com a Controladoria Geral da Uni\u00e3o, deflagra nesta ter\u00e7a-feira (24) a OPERA\u00c7\u00c3O CIRANDA DE PEDRA, que visa combater crimes de desvio de recursos p\u00fablicos destinados \u00e0 \u00e1rea da infraestrutura na cidade de Maiquinique\/BA nos anos de 2012 a 2017. Cerca de 60 Policiais Federais, acompanhados de nove auditores da Controladoria Geral [&hellip;]<\/p>\n","protected":false},"author":2,"featured_media":73719,"comment_status":"open","ping_status":"open","sticky":false,"template":"","format":"standard","meta":{"footnotes":"","_links_to":"","_links_to_target":""},"categories":[1],"tags":[],"class_list":["post-73718","post","type-post","status-publish","format-standard","has-post-thumbnail","hentry","category-geral"],"views":1840,"_links":{"self":[{"href":"https:\/\/www.sudoestehoje.com.br\/novoportal\/wp-json\/wp\/v2\/posts\/73718","targetHints":{"allow":["GET"]}}],"collection":[{"href":"https:\/\/www.sudoestehoje.com.br\/novoportal\/wp-json\/wp\/v2\/posts"}],"about":[{"href":"https:\/\/www.sudoestehoje.com.br\/novoportal\/wp-json\/wp\/v2\/types\/post"}],"author":[{"embeddable":true,"href":"https:\/\/www.sudoestehoje.com.br\/novoportal\/wp-json\/wp\/v2\/users\/2"}],"replies":[{"embeddable":true,"href":"https:\/\/www.sudoestehoje.com.br\/novoportal\/wp-json\/wp\/v2\/comments?post=73718"}],"version-history":[{"count":3,"href":"https:\/\/www.sudoestehoje.com.br\/novoportal\/wp-json\/wp\/v2\/posts\/73718\/revisions"}],"predecessor-version":[{"id":73722,"href":"https:\/\/www.sudoestehoje.com.br\/novoportal\/wp-json\/wp\/v2\/posts\/73718\/revisions\/73722"}],"wp:featuredmedia":[{"embeddable":true,"href":"https:\/\/www.sudoestehoje.com.br\/novoportal\/wp-json\/wp\/v2\/media\/73719"}],"wp:attachment":[{"href":"https:\/\/www.sudoestehoje.com.br\/novoportal\/wp-json\/wp\/v2\/media?parent=73718"}],"wp:term":[{"taxonomy":"category","embeddable":true,"href":"https:\/\/www.sudoestehoje.com.br\/novoportal\/wp-json\/wp\/v2\/categories?post=73718"},{"taxonomy":"post_tag","embeddable":true,"href":"https:\/\/www.sudoestehoje.com.br\/novoportal\/wp-json\/wp\/v2\/tags?post=73718"}],"curies":[{"name":"wp","href":"https:\/\/api.w.org\/{rel}","templated":true}]}}