
{"id":73696,"date":"2018-07-23T12:19:40","date_gmt":"2018-07-23T15:19:40","guid":{"rendered":"http:\/\/www.sudoestehoje.com.br\/novoportal\/?p=73696"},"modified":"2018-07-23T20:16:57","modified_gmt":"2018-07-23T23:16:57","slug":"jaques-wagner-ja-esta-proto-para-campanha-presidencial-diz-jornal","status":"publish","type":"post","link":"https:\/\/www.sudoestehoje.com.br\/novoportal\/2018\/07\/23\/jaques-wagner-ja-esta-proto-para-campanha-presidencial-diz-jornal\/","title":{"rendered":"JAQUES WAGNER J\u00c1 EST\u00c1 PRONTO PARA CAMPANHA PRESIDENCIAL, DIZ JORNAL"},"content":{"rendered":"<p><a href=\"http:\/\/www.sudoestehoje.com.br\/novoportal\/wp-content\/uploads\/2018\/07\/jaques-wagner-1.jpg\"><img loading=\"lazy\" decoding=\"async\" class=\"aligncenter size-medium wp-image-73697\" src=\"http:\/\/www.sudoestehoje.com.br\/novoportal\/wp-content\/uploads\/2018\/07\/jaques-wagner-1-500x334.jpg\" alt=\"\" width=\"500\" height=\"334\" srcset=\"https:\/\/www.sudoestehoje.com.br\/novoportal\/wp-content\/uploads\/2018\/07\/jaques-wagner-1-500x334.jpg 500w, https:\/\/www.sudoestehoje.com.br\/novoportal\/wp-content\/uploads\/2018\/07\/jaques-wagner-1.jpg 580w\" sizes=\"auto, (max-width: 500px) 100vw, 500px\" \/><\/a><\/p>\n<p>O ex-governador da Bahia j\u00e1 est\u00e1 pronto para ser candidato \u00e0 Presid\u00eancia da Rep\u00fablica. Segundo o colunista Lauro Jardim, do jornal O Globo, o petista j\u00e1 indicou at\u00e9 um marqueteiro para cuidar de sua campanha presidencial.<\/p>\n<p>Ser\u00e1 Sid\u00f4nio Palmeira. Sid\u00f4nio foi o respons\u00e1vel pelas tr\u00eas campanhas vitoriosas do partido ao governo da Bahia. Desde o in\u00edcio do ano ele vinha sendo alvo do PT nacional.<\/p>\n<p>Se a informa\u00e7\u00e3o se confirmar, ser\u00e1 aberta uma vaga na chapa majorit\u00e1ria do governador Rui Costa (PT) e a senadora L\u00eddice da Mata (PSB) pode acabar beneficiada.<\/p>\n<p>Apesar disso, as pessoas mais pr\u00f3ximas de Wagner ainda desconfiam da situa\u00e7\u00e3o. Isso porque o ex-governador deixa sempre bem claro que seu objetivo nesta elei\u00e7\u00e3o \u00e9 se tornar senador da Rep\u00fablica.\/\/<em>Varela Not\u00edcias<\/em><\/p>\n","protected":false},"excerpt":{"rendered":"<p>O ex-governador da Bahia j\u00e1 est\u00e1 pronto para ser candidato \u00e0 Presid\u00eancia da Rep\u00fablica. Segundo o colunista Lauro Jardim, do jornal O Globo, o petista j\u00e1 indicou at\u00e9 um marqueteiro para cuidar de sua campanha presidencial. Ser\u00e1 Sid\u00f4nio Palmeira. Sid\u00f4nio foi o respons\u00e1vel pelas tr\u00eas campanhas vitoriosas do partido ao governo da Bahia. Desde o [&hellip;]<\/p>\n","protected":false},"author":2,"featured_media":73697,"comment_status":"open","ping_status":"open","sticky":false,"template":"","format":"standard","meta":{"footnotes":"","_links_to":"","_links_to_target":""},"categories":[1],"tags":[],"class_list":["post-73696","post","type-post","status-publish","format-standard","has-post-thumbnail","hentry","category-geral"],"views":1218,"_links":{"self":[{"href":"https:\/\/www.sudoestehoje.com.br\/novoportal\/wp-json\/wp\/v2\/posts\/73696","targetHints":{"allow":["GET"]}}],"collection":[{"href":"https:\/\/www.sudoestehoje.com.br\/novoportal\/wp-json\/wp\/v2\/posts"}],"about":[{"href":"https:\/\/www.sudoestehoje.com.br\/novoportal\/wp-json\/wp\/v2\/types\/post"}],"author":[{"embeddable":true,"href":"https:\/\/www.sudoestehoje.com.br\/novoportal\/wp-json\/wp\/v2\/users\/2"}],"replies":[{"embeddable":true,"href":"https:\/\/www.sudoestehoje.com.br\/novoportal\/wp-json\/wp\/v2\/comments?post=73696"}],"version-history":[{"count":2,"href":"https:\/\/www.sudoestehoje.com.br\/novoportal\/wp-json\/wp\/v2\/posts\/73696\/revisions"}],"predecessor-version":[{"id":73708,"href":"https:\/\/www.sudoestehoje.com.br\/novoportal\/wp-json\/wp\/v2\/posts\/73696\/revisions\/73708"}],"wp:featuredmedia":[{"embeddable":true,"href":"https:\/\/www.sudoestehoje.com.br\/novoportal\/wp-json\/wp\/v2\/media\/73697"}],"wp:attachment":[{"href":"https:\/\/www.sudoestehoje.com.br\/novoportal\/wp-json\/wp\/v2\/media?parent=73696"}],"wp:term":[{"taxonomy":"category","embeddable":true,"href":"https:\/\/www.sudoestehoje.com.br\/novoportal\/wp-json\/wp\/v2\/categories?post=73696"},{"taxonomy":"post_tag","embeddable":true,"href":"https:\/\/www.sudoestehoje.com.br\/novoportal\/wp-json\/wp\/v2\/tags?post=73696"}],"curies":[{"name":"wp","href":"https:\/\/api.w.org\/{rel}","templated":true}]}}