
{"id":73690,"date":"2018-07-23T18:10:41","date_gmt":"2018-07-23T21:10:41","guid":{"rendered":"http:\/\/www.sudoestehoje.com.br\/novoportal\/?p=73690"},"modified":"2018-07-23T18:10:41","modified_gmt":"2018-07-23T21:10:41","slug":"imbassahy-e-paulo-camara-destinam-mais-de-r-3-milhoes-em-verbas-para-itapetinga","status":"publish","type":"post","link":"https:\/\/www.sudoestehoje.com.br\/novoportal\/2018\/07\/23\/imbassahy-e-paulo-camara-destinam-mais-de-r-3-milhoes-em-verbas-para-itapetinga\/","title":{"rendered":"IMBASSAHY E PAULO C\u00c2MARA DESTINAM MAIS DE R$ 3 MILH\u00d5ES EM VERBAS PARA ITAPETINGA"},"content":{"rendered":"<p><a href=\"http:\/\/www.sudoestehoje.com.br\/novoportal\/wp-content\/uploads\/2018\/07\/Encontro-em-Bras\u00edlia-DF.jpg\"><img loading=\"lazy\" decoding=\"async\" class=\"aligncenter size-medium wp-image-73694\" src=\"http:\/\/www.sudoestehoje.com.br\/novoportal\/wp-content\/uploads\/2018\/07\/Encontro-em-Bras\u00edlia-DF-500x333.jpg\" alt=\"\" width=\"500\" height=\"333\" srcset=\"https:\/\/www.sudoestehoje.com.br\/novoportal\/wp-content\/uploads\/2018\/07\/Encontro-em-Bras\u00edlia-DF-500x333.jpg 500w, https:\/\/www.sudoestehoje.com.br\/novoportal\/wp-content\/uploads\/2018\/07\/Encontro-em-Bras\u00edlia-DF-768x511.jpg 768w, https:\/\/www.sudoestehoje.com.br\/novoportal\/wp-content\/uploads\/2018\/07\/Encontro-em-Bras\u00edlia-DF-700x466.jpg 700w, https:\/\/www.sudoestehoje.com.br\/novoportal\/wp-content\/uploads\/2018\/07\/Encontro-em-Bras\u00edlia-DF.jpg 960w\" sizes=\"auto, (max-width: 500px) 100vw, 500px\" \/><\/a><\/p>\n<p>Atrav\u00e9s do esfor\u00e7o do deputado federal Ant\u00f4nio Imbassahy (PSDB) e do pr\u00e9-candidato a deputado estadual Paulo C\u00e2mara (PSDB), o munic\u00edpio de Itapetinga vem recebendo verbas substanciais do Governo Federal, para aplica\u00e7\u00e3o na \u00e1rea de sa\u00fade e apoio a institui\u00e7\u00f5es, cujo valor j\u00e1 ultrapassa a casa dos R$ 3 milh\u00f5es de reais.<\/p>\n<p>Dentre as a\u00e7\u00f5es de Imbassahy a Paulo C\u00e2mara, destacam-se a entrega de 2 tratores com implementos para o Sindicato Rural e Coopardo, R$ 150 mil reais para a Exposi\u00e7\u00e3o de 2017, R$ 300 mil reais para a Exposi\u00e7\u00e3o de 2018, R$ 300 mil reais para a APAE , 1 Kit para o Conselho Tutelar, R$ 250 mil para rede de frios e mais R$ 600 mil reais para projeto Sa\u00fade Ocular.<\/p>\n<p>Al\u00e9m da libera\u00e7\u00e3o e entrega desses recursos e equipamentos, j\u00e1 se encontram depositados no Banco do Brasil, \u00e0 disposi\u00e7\u00e3o da prefeitura, recursos da ordem de R$ 1.450.000, para custeio da sa\u00fade no munic\u00edpio.<\/p>\n<p>Recentemente e deputado Ant\u00f4nio Imbassahy se desligou do cargo de Ministro da Secretaria de Governo da Presid\u00eancia da Rep\u00fablica, para se candidatar \u00e0 reelei\u00e7\u00e3o de deputado federal, enquanto Paulo C\u00e2mara, que \u00e9 vereador do munic\u00edpio de Salvador, concorre a uma cadeira na Assembl\u00e9ia Legislativa da Bahia. <strong><em>Confira extratos da libera\u00e7\u00e3o de recursos para a sa\u00fade em Itapetinga:<\/em><\/strong><\/p>\n<p><a href=\"http:\/\/www.sudoestehoje.com.br\/novoportal\/wp-content\/uploads\/2018\/07\/VERBAS.jpg\"><img loading=\"lazy\" decoding=\"async\" class=\"aligncenter size-medium wp-image-73692\" src=\"http:\/\/www.sudoestehoje.com.br\/novoportal\/wp-content\/uploads\/2018\/07\/VERBAS-500x355.jpg\" alt=\"\" width=\"500\" height=\"355\" srcset=\"https:\/\/www.sudoestehoje.com.br\/novoportal\/wp-content\/uploads\/2018\/07\/VERBAS-500x355.jpg 500w, https:\/\/www.sudoestehoje.com.br\/novoportal\/wp-content\/uploads\/2018\/07\/VERBAS-768x545.jpg 768w, https:\/\/www.sudoestehoje.com.br\/novoportal\/wp-content\/uploads\/2018\/07\/VERBAS-700x497.jpg 700w, https:\/\/www.sudoestehoje.com.br\/novoportal\/wp-content\/uploads\/2018\/07\/VERBAS.jpg 960w\" sizes=\"auto, (max-width: 500px) 100vw, 500px\" \/><\/a> <a href=\"http:\/\/www.sudoestehoje.com.br\/novoportal\/wp-content\/uploads\/2018\/07\/VERVAS-1.jpg\"><img loading=\"lazy\" decoding=\"async\" class=\"aligncenter size-medium wp-image-73693\" src=\"http:\/\/www.sudoestehoje.com.br\/novoportal\/wp-content\/uploads\/2018\/07\/VERVAS-1-500x355.jpg\" alt=\"\" width=\"500\" height=\"355\" srcset=\"https:\/\/www.sudoestehoje.com.br\/novoportal\/wp-content\/uploads\/2018\/07\/VERVAS-1-500x355.jpg 500w, https:\/\/www.sudoestehoje.com.br\/novoportal\/wp-content\/uploads\/2018\/07\/VERVAS-1-768x545.jpg 768w, https:\/\/www.sudoestehoje.com.br\/novoportal\/wp-content\/uploads\/2018\/07\/VERVAS-1-700x497.jpg 700w, https:\/\/www.sudoestehoje.com.br\/novoportal\/wp-content\/uploads\/2018\/07\/VERVAS-1.jpg 960w\" sizes=\"auto, (max-width: 500px) 100vw, 500px\" \/><\/a>\u00a0<strong><em> Por Davi Ferraz<\/em><\/strong><\/p>\n","protected":false},"excerpt":{"rendered":"<p>Atrav\u00e9s do esfor\u00e7o do deputado federal Ant\u00f4nio Imbassahy (PSDB) e do pr\u00e9-candidato a deputado estadual Paulo C\u00e2mara (PSDB), o munic\u00edpio de Itapetinga vem recebendo verbas substanciais do Governo Federal, para aplica\u00e7\u00e3o na \u00e1rea de sa\u00fade e apoio a institui\u00e7\u00f5es, cujo valor j\u00e1 ultrapassa a casa dos R$ 3 milh\u00f5es de reais. Dentre as a\u00e7\u00f5es de [&hellip;]<\/p>\n","protected":false},"author":2,"featured_media":73694,"comment_status":"open","ping_status":"open","sticky":false,"template":"","format":"standard","meta":{"footnotes":"","_links_to":"","_links_to_target":""},"categories":[1],"tags":[],"class_list":["post-73690","post","type-post","status-publish","format-standard","has-post-thumbnail","hentry","category-geral"],"views":1129,"_links":{"self":[{"href":"https:\/\/www.sudoestehoje.com.br\/novoportal\/wp-json\/wp\/v2\/posts\/73690","targetHints":{"allow":["GET"]}}],"collection":[{"href":"https:\/\/www.sudoestehoje.com.br\/novoportal\/wp-json\/wp\/v2\/posts"}],"about":[{"href":"https:\/\/www.sudoestehoje.com.br\/novoportal\/wp-json\/wp\/v2\/types\/post"}],"author":[{"embeddable":true,"href":"https:\/\/www.sudoestehoje.com.br\/novoportal\/wp-json\/wp\/v2\/users\/2"}],"replies":[{"embeddable":true,"href":"https:\/\/www.sudoestehoje.com.br\/novoportal\/wp-json\/wp\/v2\/comments?post=73690"}],"version-history":[{"count":2,"href":"https:\/\/www.sudoestehoje.com.br\/novoportal\/wp-json\/wp\/v2\/posts\/73690\/revisions"}],"predecessor-version":[{"id":73695,"href":"https:\/\/www.sudoestehoje.com.br\/novoportal\/wp-json\/wp\/v2\/posts\/73690\/revisions\/73695"}],"wp:featuredmedia":[{"embeddable":true,"href":"https:\/\/www.sudoestehoje.com.br\/novoportal\/wp-json\/wp\/v2\/media\/73694"}],"wp:attachment":[{"href":"https:\/\/www.sudoestehoje.com.br\/novoportal\/wp-json\/wp\/v2\/media?parent=73690"}],"wp:term":[{"taxonomy":"category","embeddable":true,"href":"https:\/\/www.sudoestehoje.com.br\/novoportal\/wp-json\/wp\/v2\/categories?post=73690"},{"taxonomy":"post_tag","embeddable":true,"href":"https:\/\/www.sudoestehoje.com.br\/novoportal\/wp-json\/wp\/v2\/tags?post=73690"}],"curies":[{"name":"wp","href":"https:\/\/api.w.org\/{rel}","templated":true}]}}