
{"id":73674,"date":"2018-07-21T22:42:45","date_gmt":"2018-07-22T01:42:45","guid":{"rendered":"http:\/\/www.sudoestehoje.com.br\/novoportal\/?p=73674"},"modified":"2018-07-21T22:42:45","modified_gmt":"2018-07-22T01:42:45","slug":"caatiba-prefeita-tania-ribeiro-acompanha-caravana-de-rui-em-vitoria-da-conquista","status":"publish","type":"post","link":"https:\/\/www.sudoestehoje.com.br\/novoportal\/2018\/07\/21\/caatiba-prefeita-tania-ribeiro-acompanha-caravana-de-rui-em-vitoria-da-conquista\/","title":{"rendered":"CAATIBA: PREFEITA T\u00c2NIA RIBEIRO ACOMPANHA CARAVANA DE RUI EM VIT\u00d3RIA DA CONQUISTA"},"content":{"rendered":"<p style=\"background: white; margin: 12.0pt 0cm .0001pt 0cm;\"><a href=\"http:\/\/www.sudoestehoje.com.br\/novoportal\/wp-content\/uploads\/2018\/07\/c-2.jpg\"><img loading=\"lazy\" decoding=\"async\" class=\"aligncenter size-medium wp-image-73678\" src=\"http:\/\/www.sudoestehoje.com.br\/novoportal\/wp-content\/uploads\/2018\/07\/c-2-500x375.jpg\" alt=\"\" width=\"500\" height=\"375\" srcset=\"https:\/\/www.sudoestehoje.com.br\/novoportal\/wp-content\/uploads\/2018\/07\/c-2-500x375.jpg 500w, https:\/\/www.sudoestehoje.com.br\/novoportal\/wp-content\/uploads\/2018\/07\/c-2-768x576.jpg 768w, https:\/\/www.sudoestehoje.com.br\/novoportal\/wp-content\/uploads\/2018\/07\/c-2-700x525.jpg 700w, https:\/\/www.sudoestehoje.com.br\/novoportal\/wp-content\/uploads\/2018\/07\/c-2.jpg 960w\" sizes=\"auto, (max-width: 500px) 100vw, 500px\" \/><\/a><\/p>\n<p style=\"background: white; margin: 12.0pt 0cm .0001pt 0cm;\"><span style=\"font-family: 'Arial','sans-serif'; color: #666666;\">Na manh\u00e3 deste s\u00e1bado (21),\u00a0<span class=\"textexposedshow\">a prefeita T\u00e2nia Ribeiro e sua comitiva estiveram no Mediterr\u00e2neo Monumental, casa de eventos em Vit\u00f3ria da Conquista, para acompanhar a Caravana pela Bahia, onde o Governador Rui Costa tem percorrido as regi\u00f5es do estado, discutindo o PGP- Programa de Governo Participativo.<\/span><\/span><\/p>\n<p style=\"background: white; margin: 12.0pt 0cm .0001pt 0cm;\"><span class=\"textexposedshow\"><span style=\"font-family: 'Arial','sans-serif'; color: #666666;\">No grandioso e importante evento estiveram presentes in\u00fameros representantes dos munic\u00edpios que fazem parte do territ\u00f3rio do M\u00e9dio Sudoeste, para debater assuntos inerentes a sua municipalidade e assim inserir no plano de governo do estado as principais demandas de cada localidade.<\/span><\/span><\/p>\n<p style=\"background: white; margin: 12.0pt 0cm .0001pt 0cm;\"><a href=\"http:\/\/www.sudoestehoje.com.br\/novoportal\/wp-content\/uploads\/2018\/07\/c-1.jpg\"><img loading=\"lazy\" decoding=\"async\" class=\"aligncenter size-medium wp-image-73677\" src=\"http:\/\/www.sudoestehoje.com.br\/novoportal\/wp-content\/uploads\/2018\/07\/c-1-500x375.jpg\" alt=\"\" width=\"500\" height=\"375\" srcset=\"https:\/\/www.sudoestehoje.com.br\/novoportal\/wp-content\/uploads\/2018\/07\/c-1-500x375.jpg 500w, https:\/\/www.sudoestehoje.com.br\/novoportal\/wp-content\/uploads\/2018\/07\/c-1-768x576.jpg 768w, https:\/\/www.sudoestehoje.com.br\/novoportal\/wp-content\/uploads\/2018\/07\/c-1-700x525.jpg 700w, https:\/\/www.sudoestehoje.com.br\/novoportal\/wp-content\/uploads\/2018\/07\/c-1.jpg 960w\" sizes=\"auto, (max-width: 500px) 100vw, 500px\" \/><\/a><\/p>\n<p style=\"background: white; margin: 12.0pt 0cm .0001pt 0cm;\"><span class=\"textexposedshow\"><span style=\"font-family: 'Arial','sans-serif'; color: #666666;\">O munic\u00edpio de Caatiba, fazendo parte dessa a\u00e7\u00e3o, deixou registrado junto ao governador Rui Costa suas reivindica\u00e7\u00f5es, para serem anexadas no PGP. Dentre as diversas solicita\u00e7\u00f5es, foram inclu\u00eddas a estrada que liga Caatiba a Barra do Cho\u00e7a, melhorias para \u00e1rea da agricultura para o homem do campo, recupera\u00e7\u00e3o da estrada que liga Caatiba a Itapetinga, constru\u00e7\u00e3o de um gin\u00e1sio de esportes e investimentos para o setor de sa\u00fade do munic\u00edpio.<\/span><\/span><\/p>\n<p style=\"background: white; margin: 12.0pt 0cm .0001pt 0cm;\"><span class=\"textexposedshow\"><span style=\"font-family: 'Arial','sans-serif'; color: #666666;\">Para a prefeita T\u00e2nia Ribeiro, com essas e outras demandas inseridas no plano de governo do estado, o munic\u00edpio de Caatiba ter\u00e1 grandes possibilidades de ser atendido em suas necessidades. \/\/Ascom <a href=\"https:\/\/www.facebook.com\/ascomcaatiba.ascom.7?fref=mentions\"><span style=\"color: #365899; text-decoration: none; text-underline: none;\">Caatiba Bahia<\/span><\/a><\/span><\/span><\/p>\n","protected":false},"excerpt":{"rendered":"<p>Na manh\u00e3 deste s\u00e1bado (21),\u00a0a prefeita T\u00e2nia Ribeiro e sua comitiva estiveram no Mediterr\u00e2neo Monumental, casa de eventos em Vit\u00f3ria da Conquista, para acompanhar a Caravana pela Bahia, onde o Governador Rui Costa tem percorrido as regi\u00f5es do estado, discutindo o PGP- Programa de Governo Participativo. No grandioso e importante evento estiveram presentes in\u00fameros representantes [&hellip;]<\/p>\n","protected":false},"author":2,"featured_media":73678,"comment_status":"open","ping_status":"open","sticky":false,"template":"","format":"standard","meta":{"footnotes":"","_links_to":"","_links_to_target":""},"categories":[1],"tags":[],"class_list":["post-73674","post","type-post","status-publish","format-standard","has-post-thumbnail","hentry","category-geral"],"views":1205,"_links":{"self":[{"href":"https:\/\/www.sudoestehoje.com.br\/novoportal\/wp-json\/wp\/v2\/posts\/73674","targetHints":{"allow":["GET"]}}],"collection":[{"href":"https:\/\/www.sudoestehoje.com.br\/novoportal\/wp-json\/wp\/v2\/posts"}],"about":[{"href":"https:\/\/www.sudoestehoje.com.br\/novoportal\/wp-json\/wp\/v2\/types\/post"}],"author":[{"embeddable":true,"href":"https:\/\/www.sudoestehoje.com.br\/novoportal\/wp-json\/wp\/v2\/users\/2"}],"replies":[{"embeddable":true,"href":"https:\/\/www.sudoestehoje.com.br\/novoportal\/wp-json\/wp\/v2\/comments?post=73674"}],"version-history":[{"count":3,"href":"https:\/\/www.sudoestehoje.com.br\/novoportal\/wp-json\/wp\/v2\/posts\/73674\/revisions"}],"predecessor-version":[{"id":73679,"href":"https:\/\/www.sudoestehoje.com.br\/novoportal\/wp-json\/wp\/v2\/posts\/73674\/revisions\/73679"}],"wp:featuredmedia":[{"embeddable":true,"href":"https:\/\/www.sudoestehoje.com.br\/novoportal\/wp-json\/wp\/v2\/media\/73678"}],"wp:attachment":[{"href":"https:\/\/www.sudoestehoje.com.br\/novoportal\/wp-json\/wp\/v2\/media?parent=73674"}],"wp:term":[{"taxonomy":"category","embeddable":true,"href":"https:\/\/www.sudoestehoje.com.br\/novoportal\/wp-json\/wp\/v2\/categories?post=73674"},{"taxonomy":"post_tag","embeddable":true,"href":"https:\/\/www.sudoestehoje.com.br\/novoportal\/wp-json\/wp\/v2\/tags?post=73674"}],"curies":[{"name":"wp","href":"https:\/\/api.w.org\/{rel}","templated":true}]}}