
{"id":73633,"date":"2018-07-20T19:01:05","date_gmt":"2018-07-20T22:01:05","guid":{"rendered":"http:\/\/www.sudoestehoje.com.br\/novoportal\/?p=73633"},"modified":"2018-07-20T19:01:05","modified_gmt":"2018-07-20T22:01:05","slug":"tiririca-desiste-de-desistir-e-vai-disputar-reeleicao-para-deputado-federal","status":"publish","type":"post","link":"https:\/\/www.sudoestehoje.com.br\/novoportal\/2018\/07\/20\/tiririca-desiste-de-desistir-e-vai-disputar-reeleicao-para-deputado-federal\/","title":{"rendered":"TIRIRICA &#8216;DESISTE DE DESISTIR&#8217; E VAI DISPUTAR REELEI\u00c7\u00c3O PARA DEPUTADO FEDERAL"},"content":{"rendered":"<p><a href=\"http:\/\/www.sudoestehoje.com.br\/novoportal\/wp-content\/uploads\/2018\/07\/postblog_tiririca.jpg\"><img loading=\"lazy\" decoding=\"async\" class=\"aligncenter size-medium wp-image-73634\" src=\"http:\/\/www.sudoestehoje.com.br\/novoportal\/wp-content\/uploads\/2018\/07\/postblog_tiririca-500x350.jpg\" alt=\"\" width=\"500\" height=\"350\" srcset=\"https:\/\/www.sudoestehoje.com.br\/novoportal\/wp-content\/uploads\/2018\/07\/postblog_tiririca-500x350.jpg 500w, https:\/\/www.sudoestehoje.com.br\/novoportal\/wp-content\/uploads\/2018\/07\/postblog_tiririca.jpg 600w\" sizes=\"auto, (max-width: 500px) 100vw, 500px\" \/><\/a><\/p>\n<p>A Executiva nacional do PR convenceu o deputado federal licenciado Tiririca a retomar a carreira pol\u00edtica e se candidatar \u00e0 reelei\u00e7\u00e3o em outubro.<\/p>\n<p>Segundo a coluna do Estad\u00e3o, o comediante Tiririca, que foi o terceiro parlamentar mais votado do Brasil em 2014, ajudou a sigla a emplacar seis deputados federais em S\u00e3o Paulo no \u00faltimo pleito. Sem ele, a estimativa seria conduzir ao Congresso apenas tr\u00eas em 2018.<\/p>\n<p>No primeiro, \u00fanico e \u00faltimo\u00a0discurso\u00a0realizado no plen\u00e1rio da C\u00e2mara, Tiririca anunciou a<em>\u00a0desist\u00eancia<\/em>\u00a0da carreira em Bras\u00edlia com uma dura cr\u00edtica aos pares: \u201c<em>Eu saio totalmente com vergonha do que eu vi nestes aqui. Estou decepcionado com a pol\u00edtica brasileira\u201d.<\/em><\/p>\n<p>Apesar da sua aparente &#8216;indigna\u00e7\u00e3o&#8217;, os argumentos do partido foram mais fortes e o nobre parlamentar <em>&#8216;desistiu de desistir&#8217;.<\/em><\/p>\n","protected":false},"excerpt":{"rendered":"<p>A Executiva nacional do PR convenceu o deputado federal licenciado Tiririca a retomar a carreira pol\u00edtica e se candidatar \u00e0 reelei\u00e7\u00e3o em outubro. Segundo a coluna do Estad\u00e3o, o comediante Tiririca, que foi o terceiro parlamentar mais votado do Brasil em 2014, ajudou a sigla a emplacar seis deputados federais em S\u00e3o Paulo no \u00faltimo [&hellip;]<\/p>\n","protected":false},"author":2,"featured_media":73634,"comment_status":"open","ping_status":"open","sticky":false,"template":"","format":"standard","meta":{"footnotes":"","_links_to":"","_links_to_target":""},"categories":[1],"tags":[],"class_list":["post-73633","post","type-post","status-publish","format-standard","has-post-thumbnail","hentry","category-geral"],"views":2106,"_links":{"self":[{"href":"https:\/\/www.sudoestehoje.com.br\/novoportal\/wp-json\/wp\/v2\/posts\/73633","targetHints":{"allow":["GET"]}}],"collection":[{"href":"https:\/\/www.sudoestehoje.com.br\/novoportal\/wp-json\/wp\/v2\/posts"}],"about":[{"href":"https:\/\/www.sudoestehoje.com.br\/novoportal\/wp-json\/wp\/v2\/types\/post"}],"author":[{"embeddable":true,"href":"https:\/\/www.sudoestehoje.com.br\/novoportal\/wp-json\/wp\/v2\/users\/2"}],"replies":[{"embeddable":true,"href":"https:\/\/www.sudoestehoje.com.br\/novoportal\/wp-json\/wp\/v2\/comments?post=73633"}],"version-history":[{"count":2,"href":"https:\/\/www.sudoestehoje.com.br\/novoportal\/wp-json\/wp\/v2\/posts\/73633\/revisions"}],"predecessor-version":[{"id":73636,"href":"https:\/\/www.sudoestehoje.com.br\/novoportal\/wp-json\/wp\/v2\/posts\/73633\/revisions\/73636"}],"wp:featuredmedia":[{"embeddable":true,"href":"https:\/\/www.sudoestehoje.com.br\/novoportal\/wp-json\/wp\/v2\/media\/73634"}],"wp:attachment":[{"href":"https:\/\/www.sudoestehoje.com.br\/novoportal\/wp-json\/wp\/v2\/media?parent=73633"}],"wp:term":[{"taxonomy":"category","embeddable":true,"href":"https:\/\/www.sudoestehoje.com.br\/novoportal\/wp-json\/wp\/v2\/categories?post=73633"},{"taxonomy":"post_tag","embeddable":true,"href":"https:\/\/www.sudoestehoje.com.br\/novoportal\/wp-json\/wp\/v2\/tags?post=73633"}],"curies":[{"name":"wp","href":"https:\/\/api.w.org\/{rel}","templated":true}]}}