
{"id":73625,"date":"2018-07-19T21:55:49","date_gmt":"2018-07-20T00:55:49","guid":{"rendered":"http:\/\/www.sudoestehoje.com.br\/novoportal\/?p=73625"},"modified":"2018-07-19T21:55:49","modified_gmt":"2018-07-20T00:55:49","slug":"blocao-fecha-apoio-a-geraldo-alckmin","status":"publish","type":"post","link":"https:\/\/www.sudoestehoje.com.br\/novoportal\/2018\/07\/19\/blocao-fecha-apoio-a-geraldo-alckmin\/","title":{"rendered":"BLOC\u00c3O FECHA APOIO A GERALDO ALCKMIN"},"content":{"rendered":"<p><a href=\"http:\/\/www.sudoestehoje.com.br\/novoportal\/wp-content\/uploads\/2018\/07\/ALCKMIN.jpg\"><img loading=\"lazy\" decoding=\"async\" class=\"aligncenter size-medium wp-image-73627\" src=\"http:\/\/www.sudoestehoje.com.br\/novoportal\/wp-content\/uploads\/2018\/07\/ALCKMIN-500x333.jpg\" alt=\"\" width=\"500\" height=\"333\" srcset=\"https:\/\/www.sudoestehoje.com.br\/novoportal\/wp-content\/uploads\/2018\/07\/ALCKMIN-500x333.jpg 500w, https:\/\/www.sudoestehoje.com.br\/novoportal\/wp-content\/uploads\/2018\/07\/ALCKMIN.jpg 768w, https:\/\/www.sudoestehoje.com.br\/novoportal\/wp-content\/uploads\/2018\/07\/ALCKMIN-700x467.jpg 700w\" sizes=\"auto, (max-width: 500px) 100vw, 500px\" \/><\/a><\/p>\n<p>Em encontro com o pr\u00e9-candidato Geraldo Alckmin (PSDB), em S\u00e3o Paulo, o Bloc\u00e3o (<strong>DEM, PP, PR, PRB e SD<\/strong>) fechou um acordo para apoiar o tucano para a Presid\u00eancia da Rep\u00fablica. Dirigentes sa\u00edram do encontro afirmando que alian\u00e7a est\u00e1 consolidada. O an\u00fancio formal ser\u00e1 feito na pr\u00f3xima semana.<\/p>\n<p>\u2014 J\u00e1 est\u00e1 fechado \u2014 disse o presidente de um dos partidos.<\/p>\n<p>Na reuni\u00e3o, o Bloc\u00e3o levou uma pauta de reivindica\u00e7\u00f5es como condi\u00e7\u00e3o para fechar uma alian\u00e7a, segundo fontes ouvidas pelo GLOBO. Dirigentes das siglas discutiram a poss\u00edvel forma\u00e7\u00e3o de um governo e sa\u00edram do encontro afirmando que agora apenas levar\u00e3o a posi\u00e7\u00e3o \u00e0s inst\u00e2ncias regionais dos partidos para resolverem eventuais diverg\u00eancias nos palanques.<\/p>\n<p>Os partidos querem algumas garantias para anunciar o apoio ao tucano, que j\u00e1 \u00e9 dado como certo entre alguns dirigentes das agremia\u00e7\u00f5es. Alguns parlamentares j\u00e1 foram at\u00e9 mesmo avisados de que chegou-se a um entendimento.<\/p>\n<p>O GLOBO obteve relatos do Rio Grande do Sul e de Santa Catarina de que o presidente nacional do PP, Ciro Nogueira, telefonou para algumas lideran\u00e7as comunicando a alian\u00e7a com Alckmin. Nogueira nega publicamente o acordo e diz que o bloco partid\u00e1rio decidiu que a decis\u00e3o sobre o apoio s\u00f3 ser\u00e1 anunciada na pr\u00f3xima quinta-feira.<\/p>\n<p>O chamado &#8220;Bloc\u00e3o&#8221; representa <strong>164 deputados e 2 minutos e 35 segundos no tempo de r\u00e1dio e TV<\/strong> durante a propaganda eleitoral.<\/p>\n<div id=\"pub-in-text\" class=\"outstream clearfix\" data-google-query-id=\"COuez425rNwCFcSQhwod3DwFPg\"><\/div>\n","protected":false},"excerpt":{"rendered":"<p>Em encontro com o pr\u00e9-candidato Geraldo Alckmin (PSDB), em S\u00e3o Paulo, o Bloc\u00e3o (DEM, PP, PR, PRB e SD) fechou um acordo para apoiar o tucano para a Presid\u00eancia da Rep\u00fablica. Dirigentes sa\u00edram do encontro afirmando que alian\u00e7a est\u00e1 consolidada. O an\u00fancio formal ser\u00e1 feito na pr\u00f3xima semana. \u2014 J\u00e1 est\u00e1 fechado \u2014 disse o [&hellip;]<\/p>\n","protected":false},"author":2,"featured_media":73627,"comment_status":"open","ping_status":"open","sticky":false,"template":"","format":"standard","meta":{"footnotes":"","_links_to":"","_links_to_target":""},"categories":[1],"tags":[],"class_list":["post-73625","post","type-post","status-publish","format-standard","has-post-thumbnail","hentry","category-geral"],"views":1059,"_links":{"self":[{"href":"https:\/\/www.sudoestehoje.com.br\/novoportal\/wp-json\/wp\/v2\/posts\/73625","targetHints":{"allow":["GET"]}}],"collection":[{"href":"https:\/\/www.sudoestehoje.com.br\/novoportal\/wp-json\/wp\/v2\/posts"}],"about":[{"href":"https:\/\/www.sudoestehoje.com.br\/novoportal\/wp-json\/wp\/v2\/types\/post"}],"author":[{"embeddable":true,"href":"https:\/\/www.sudoestehoje.com.br\/novoportal\/wp-json\/wp\/v2\/users\/2"}],"replies":[{"embeddable":true,"href":"https:\/\/www.sudoestehoje.com.br\/novoportal\/wp-json\/wp\/v2\/comments?post=73625"}],"version-history":[{"count":3,"href":"https:\/\/www.sudoestehoje.com.br\/novoportal\/wp-json\/wp\/v2\/posts\/73625\/revisions"}],"predecessor-version":[{"id":73629,"href":"https:\/\/www.sudoestehoje.com.br\/novoportal\/wp-json\/wp\/v2\/posts\/73625\/revisions\/73629"}],"wp:featuredmedia":[{"embeddable":true,"href":"https:\/\/www.sudoestehoje.com.br\/novoportal\/wp-json\/wp\/v2\/media\/73627"}],"wp:attachment":[{"href":"https:\/\/www.sudoestehoje.com.br\/novoportal\/wp-json\/wp\/v2\/media?parent=73625"}],"wp:term":[{"taxonomy":"category","embeddable":true,"href":"https:\/\/www.sudoestehoje.com.br\/novoportal\/wp-json\/wp\/v2\/categories?post=73625"},{"taxonomy":"post_tag","embeddable":true,"href":"https:\/\/www.sudoestehoje.com.br\/novoportal\/wp-json\/wp\/v2\/tags?post=73625"}],"curies":[{"name":"wp","href":"https:\/\/api.w.org\/{rel}","templated":true}]}}