
{"id":73621,"date":"2018-07-19T18:23:01","date_gmt":"2018-07-19T21:23:01","guid":{"rendered":"http:\/\/www.sudoestehoje.com.br\/novoportal\/?p=73621"},"modified":"2018-07-19T19:40:48","modified_gmt":"2018-07-19T22:40:48","slug":"caatiba-creche-ieda-barradas-promove-terceira-roda-da-leitura","status":"publish","type":"post","link":"https:\/\/www.sudoestehoje.com.br\/novoportal\/2018\/07\/19\/caatiba-creche-ieda-barradas-promove-terceira-roda-da-leitura\/","title":{"rendered":"CAATIBA: CRECHE I\u00caDA BARRADAS PROMOVE TERCEIRA &#8216;RODA DA LEITURA&#8217;"},"content":{"rendered":"<p style=\"background: white; margin: 0cm 0cm 4.5pt 0cm;\"><a href=\"http:\/\/www.sudoestehoje.com.br\/novoportal\/wp-content\/uploads\/2018\/07\/CAATIBA-CRECHE.jpg\"><img loading=\"lazy\" decoding=\"async\" class=\"aligncenter size-medium wp-image-73622\" src=\"http:\/\/www.sudoestehoje.com.br\/novoportal\/wp-content\/uploads\/2018\/07\/CAATIBA-CRECHE-500x446.jpg\" alt=\"\" width=\"500\" height=\"446\" srcset=\"https:\/\/www.sudoestehoje.com.br\/novoportal\/wp-content\/uploads\/2018\/07\/CAATIBA-CRECHE-500x446.jpg 500w, https:\/\/www.sudoestehoje.com.br\/novoportal\/wp-content\/uploads\/2018\/07\/CAATIBA-CRECHE-768x686.jpg 768w, https:\/\/www.sudoestehoje.com.br\/novoportal\/wp-content\/uploads\/2018\/07\/CAATIBA-CRECHE-700x625.jpg 700w, https:\/\/www.sudoestehoje.com.br\/novoportal\/wp-content\/uploads\/2018\/07\/CAATIBA-CRECHE.jpg 960w\" sizes=\"auto, (max-width: 500px) 100vw, 500px\" \/><\/a><\/p>\n<p style=\"background: white; font-variant-ligatures: normal; font-variant-caps: normal; orphans: 2; text-align: start; widows: 2; -webkit-text-stroke-width: 0px; text-decoration-style: initial; text-decoration-color: initial; word-spacing: 0px; margin: 4.5pt 0cm 4.5pt 0cm;\"><span style=\"font-family: 'Arial','sans-serif'; color: #1d2129;\">Com o objetivo de incentivar o gosto pela leitura desde cedo, A RODA DA LEITURA tem sido uma valiosa ferramenta metodol\u00f3gica dentro de um projeto transformador que tem levado o p\u00fablico da primeira inf\u00e2ncia da rede p\u00fablica de ensino do munic\u00edpio para o universo m\u00e1gico dos livros. A cada ano acontece a Roda da Leitura nas institui\u00e7\u00f5es de ensino, onde educadores, fam\u00edlia e toda comunidade participam deste mo<span class=\"textexposedshow\">mento de intera\u00e7\u00e3o e aprendizagem com os alunos.<\/span><\/span><\/p>\n<p style=\"background: white; margin: 4.5pt 0cm 4.5pt 0cm;\"><span style=\"font-family: 'Arial','sans-serif'; color: #1d2129;\"><br \/>\n<span class=\"textexposedshow\">Na manh\u00e3 desta quinta-feira (19), foi a vez da Creche I\u00eada Barradas promover para os seus pequenos aprendizes, um bel\u00edssimo e encantador momento liter\u00e1rio. Entre contos e brincadeiras o deleite foi constru\u00eddo em meio doa\u00e7\u00f5es de livros e apresenta\u00e7\u00f5es l\u00fadicas que emocionou a todos que tiveram a oportunidade de presenciar a atividade.<\/span><\/span><\/p>\n<p style=\"background: white; margin: 4.5pt 0cm 4.5pt 0cm;\"><span style=\"font-family: 'Arial','sans-serif'; color: #1d2129;\"><br \/>\n<span class=\"textexposedshow\">Al\u00e9m da equipe pedag\u00f3gica e gestora da Creche, o evento pode contar com a participa\u00e7\u00e3o do Secret\u00e1rio de Educa\u00e7\u00e3o do Munic\u00edpio Sidinei cordeiro e de demais funcion\u00e1rios da Secretaria, que demonstraram satisfa\u00e7\u00e3o e alegria em constatar o sucesso e grande resultado que o projeto tem trazido para o desenvolvimento educativo das crian\u00e7as.<\/span><\/span><\/p>\n<p style=\"background: white; margin: 4.5pt 0cm 4.5pt 0cm;\"><span style=\"font-family: 'Arial','sans-serif'; color: #1d2129;\"><br \/>\n<span class=\"textexposedshow\">Gilda Ast\u00e9rio Portugal, diretora da Creche Ieda Barradas relata que tem colhido ricos frutos desde que a roda da Leitura foi emplastada como parte pedag\u00f3gica da institui\u00e7\u00e3o. \u201cO projeto atrav\u00e9s da linguagem art\u00edstica e liter\u00e1ria, certamente contribuir\u00e1 para desenvolver o h\u00e1bito de ler, bem como servir\u00e1 como uma forma de inicia\u00e7\u00e3o para constru\u00e7\u00e3o do pensamento l\u00f3gico das crian\u00e7as\u201d, explica a diretora da creche. \/\/Ascom <\/span>Caatiba<\/span><\/p>\n","protected":false},"excerpt":{"rendered":"<p>Com o objetivo de incentivar o gosto pela leitura desde cedo, A RODA DA LEITURA tem sido uma valiosa ferramenta metodol\u00f3gica dentro de um projeto transformador que tem levado o p\u00fablico da primeira inf\u00e2ncia da rede p\u00fablica de ensino do munic\u00edpio para o universo m\u00e1gico dos livros. A cada ano acontece a Roda da Leitura [&hellip;]<\/p>\n","protected":false},"author":2,"featured_media":73622,"comment_status":"open","ping_status":"open","sticky":false,"template":"","format":"standard","meta":{"footnotes":"","_links_to":"","_links_to_target":""},"categories":[1],"tags":[],"class_list":["post-73621","post","type-post","status-publish","format-standard","has-post-thumbnail","hentry","category-geral"],"views":1138,"_links":{"self":[{"href":"https:\/\/www.sudoestehoje.com.br\/novoportal\/wp-json\/wp\/v2\/posts\/73621","targetHints":{"allow":["GET"]}}],"collection":[{"href":"https:\/\/www.sudoestehoje.com.br\/novoportal\/wp-json\/wp\/v2\/posts"}],"about":[{"href":"https:\/\/www.sudoestehoje.com.br\/novoportal\/wp-json\/wp\/v2\/types\/post"}],"author":[{"embeddable":true,"href":"https:\/\/www.sudoestehoje.com.br\/novoportal\/wp-json\/wp\/v2\/users\/2"}],"replies":[{"embeddable":true,"href":"https:\/\/www.sudoestehoje.com.br\/novoportal\/wp-json\/wp\/v2\/comments?post=73621"}],"version-history":[{"count":2,"href":"https:\/\/www.sudoestehoje.com.br\/novoportal\/wp-json\/wp\/v2\/posts\/73621\/revisions"}],"predecessor-version":[{"id":73624,"href":"https:\/\/www.sudoestehoje.com.br\/novoportal\/wp-json\/wp\/v2\/posts\/73621\/revisions\/73624"}],"wp:featuredmedia":[{"embeddable":true,"href":"https:\/\/www.sudoestehoje.com.br\/novoportal\/wp-json\/wp\/v2\/media\/73622"}],"wp:attachment":[{"href":"https:\/\/www.sudoestehoje.com.br\/novoportal\/wp-json\/wp\/v2\/media?parent=73621"}],"wp:term":[{"taxonomy":"category","embeddable":true,"href":"https:\/\/www.sudoestehoje.com.br\/novoportal\/wp-json\/wp\/v2\/categories?post=73621"},{"taxonomy":"post_tag","embeddable":true,"href":"https:\/\/www.sudoestehoje.com.br\/novoportal\/wp-json\/wp\/v2\/tags?post=73621"}],"curies":[{"name":"wp","href":"https:\/\/api.w.org\/{rel}","templated":true}]}}