
{"id":73615,"date":"2018-07-19T17:52:51","date_gmt":"2018-07-19T20:52:51","guid":{"rendered":"http:\/\/www.sudoestehoje.com.br\/novoportal\/?p=73615"},"modified":"2018-07-19T17:52:51","modified_gmt":"2018-07-19T20:52:51","slug":"imbassahy-e-paulo-camara-viabilizam-kit-conselho-tutelar-para-itapetinga","status":"publish","type":"post","link":"https:\/\/www.sudoestehoje.com.br\/novoportal\/2018\/07\/19\/imbassahy-e-paulo-camara-viabilizam-kit-conselho-tutelar-para-itapetinga\/","title":{"rendered":"IMBASSAHY E PAULO C\u00c2MARA VIABILIZAM &#8216;KIT CONSELHO TUTELAR&#8217; PARA ITAPETINGA"},"content":{"rendered":"<p><a href=\"http:\/\/www.sudoestehoje.com.br\/novoportal\/wp-content\/uploads\/2018\/07\/paulo-e-imbassahy.jpg\"><img loading=\"lazy\" decoding=\"async\" class=\"aligncenter size-medium wp-image-73616\" src=\"http:\/\/www.sudoestehoje.com.br\/novoportal\/wp-content\/uploads\/2018\/07\/paulo-e-imbassahy-500x278.jpg\" alt=\"\" width=\"500\" height=\"278\" srcset=\"https:\/\/www.sudoestehoje.com.br\/novoportal\/wp-content\/uploads\/2018\/07\/paulo-e-imbassahy-500x278.jpg 500w, https:\/\/www.sudoestehoje.com.br\/novoportal\/wp-content\/uploads\/2018\/07\/paulo-e-imbassahy-768x427.jpg 768w, https:\/\/www.sudoestehoje.com.br\/novoportal\/wp-content\/uploads\/2018\/07\/paulo-e-imbassahy-700x389.jpg 700w, https:\/\/www.sudoestehoje.com.br\/novoportal\/wp-content\/uploads\/2018\/07\/paulo-e-imbassahy.jpg 800w\" sizes=\"auto, (max-width: 500px) 100vw, 500px\" \/><\/a><\/p>\n<p>Atrav\u00e9s do empenho do deputado federal Ant\u00f4nio Imbassahy (PSDB) e do pr\u00e9-candidato a deputado estadual Paulo C\u00e2mara (PSDB), o munic\u00edpio de Itapetinga foi contemplado com um &#8216;Kit Conselho Tutelar&#8217;, para equipar a sede do Conselho na cidade.<\/p>\n<p>O Kit destinado a Itapetinga \u00e9 composto de um autom\u00f3vel, cinco computadores, uma impressora, um bebedouro e um refrigerador, com valor em torno de R$ 120 mil reais.<\/p>\n<p>A libera\u00e7\u00e3o dos equipamentos foi viabilizada atrav\u00e9s da Secretaria de Direitos Humanos da Presid\u00eancia da Rep\u00fablica, que desenvolve o programa de Fortalecimento do Sistema de Garantia de Direitos da Crian\u00e7a e do Adolescente, atrav\u00e9s da EQUIPAGEM DE CONSELHOS TUTELARES, cujo objetivo \u00e9 garantir as condi\u00e7\u00f5es b\u00e1sicas m\u00ednimas para o atendimento a crian\u00e7as e adolescentes.<\/p>\n<p><a href=\"http:\/\/www.sudoestehoje.com.br\/novoportal\/wp-content\/uploads\/2018\/07\/Conselho.jpg\"><img loading=\"lazy\" decoding=\"async\" class=\"aligncenter  wp-image-73619\" src=\"http:\/\/www.sudoestehoje.com.br\/novoportal\/wp-content\/uploads\/2018\/07\/Conselho-500x375.jpg\" alt=\"\" width=\"500\" height=\"375\" srcset=\"https:\/\/www.sudoestehoje.com.br\/novoportal\/wp-content\/uploads\/2018\/07\/Conselho-500x375.jpg 500w, https:\/\/www.sudoestehoje.com.br\/novoportal\/wp-content\/uploads\/2018\/07\/Conselho-768x576.jpg 768w, https:\/\/www.sudoestehoje.com.br\/novoportal\/wp-content\/uploads\/2018\/07\/Conselho-700x525.jpg 700w, https:\/\/www.sudoestehoje.com.br\/novoportal\/wp-content\/uploads\/2018\/07\/Conselho.jpg 960w\" sizes=\"auto, (max-width: 500px) 100vw, 500px\" \/><\/a><\/p>\n<p>A entrega dos equipamentos ao Conselho Tutelar de Itapetinga dever\u00e1 acontecer em data pr\u00f3xima, segundo a assessoria de Imbassahy e Paulo C\u00e2mara.<\/p>\n<p><strong><em>Por Davi Ferraz<\/em><\/strong><\/p>\n","protected":false},"excerpt":{"rendered":"<p>Atrav\u00e9s do empenho do deputado federal Ant\u00f4nio Imbassahy (PSDB) e do pr\u00e9-candidato a deputado estadual Paulo C\u00e2mara (PSDB), o munic\u00edpio de Itapetinga foi contemplado com um &#8216;Kit Conselho Tutelar&#8217;, para equipar a sede do Conselho na cidade. O Kit destinado a Itapetinga \u00e9 composto de um autom\u00f3vel, cinco computadores, uma impressora, um bebedouro e um [&hellip;]<\/p>\n","protected":false},"author":2,"featured_media":73616,"comment_status":"open","ping_status":"open","sticky":false,"template":"","format":"standard","meta":{"footnotes":"","_links_to":"","_links_to_target":""},"categories":[1],"tags":[],"class_list":["post-73615","post","type-post","status-publish","format-standard","has-post-thumbnail","hentry","category-geral"],"views":1552,"_links":{"self":[{"href":"https:\/\/www.sudoestehoje.com.br\/novoportal\/wp-json\/wp\/v2\/posts\/73615","targetHints":{"allow":["GET"]}}],"collection":[{"href":"https:\/\/www.sudoestehoje.com.br\/novoportal\/wp-json\/wp\/v2\/posts"}],"about":[{"href":"https:\/\/www.sudoestehoje.com.br\/novoportal\/wp-json\/wp\/v2\/types\/post"}],"author":[{"embeddable":true,"href":"https:\/\/www.sudoestehoje.com.br\/novoportal\/wp-json\/wp\/v2\/users\/2"}],"replies":[{"embeddable":true,"href":"https:\/\/www.sudoestehoje.com.br\/novoportal\/wp-json\/wp\/v2\/comments?post=73615"}],"version-history":[{"count":3,"href":"https:\/\/www.sudoestehoje.com.br\/novoportal\/wp-json\/wp\/v2\/posts\/73615\/revisions"}],"predecessor-version":[{"id":73620,"href":"https:\/\/www.sudoestehoje.com.br\/novoportal\/wp-json\/wp\/v2\/posts\/73615\/revisions\/73620"}],"wp:featuredmedia":[{"embeddable":true,"href":"https:\/\/www.sudoestehoje.com.br\/novoportal\/wp-json\/wp\/v2\/media\/73616"}],"wp:attachment":[{"href":"https:\/\/www.sudoestehoje.com.br\/novoportal\/wp-json\/wp\/v2\/media?parent=73615"}],"wp:term":[{"taxonomy":"category","embeddable":true,"href":"https:\/\/www.sudoestehoje.com.br\/novoportal\/wp-json\/wp\/v2\/categories?post=73615"},{"taxonomy":"post_tag","embeddable":true,"href":"https:\/\/www.sudoestehoje.com.br\/novoportal\/wp-json\/wp\/v2\/tags?post=73615"}],"curies":[{"name":"wp","href":"https:\/\/api.w.org\/{rel}","templated":true}]}}