
{"id":73610,"date":"2018-07-18T17:23:36","date_gmt":"2018-07-18T20:23:36","guid":{"rendered":"http:\/\/www.sudoestehoje.com.br\/novoportal\/?p=73610"},"modified":"2018-07-18T17:23:36","modified_gmt":"2018-07-18T20:23:36","slug":"itapetinga-dia-do-folclore-sera-comemorado-entre-6-e-9-de-agosto","status":"publish","type":"post","link":"https:\/\/www.sudoestehoje.com.br\/novoportal\/2018\/07\/18\/itapetinga-dia-do-folclore-sera-comemorado-entre-6-e-9-de-agosto\/","title":{"rendered":"ITAPETINGA: &#8216;DIA DO FOLCLORE&#8217; SER\u00c1 COMEMORADO ENTRE 6 E 9 DE AGOSTO"},"content":{"rendered":"<p><a href=\"http:\/\/www.sudoestehoje.com.br\/novoportal\/wp-content\/uploads\/2018\/07\/FOLCLORE.jpg\"><img loading=\"lazy\" decoding=\"async\" class=\"aligncenter size-medium wp-image-73611\" src=\"http:\/\/www.sudoestehoje.com.br\/novoportal\/wp-content\/uploads\/2018\/07\/FOLCLORE-500x500.jpg\" alt=\"\" width=\"500\" height=\"500\" srcset=\"https:\/\/www.sudoestehoje.com.br\/novoportal\/wp-content\/uploads\/2018\/07\/FOLCLORE-500x500.jpg 500w, https:\/\/www.sudoestehoje.com.br\/novoportal\/wp-content\/uploads\/2018\/07\/FOLCLORE-150x150.jpg 150w, https:\/\/www.sudoestehoje.com.br\/novoportal\/wp-content\/uploads\/2018\/07\/FOLCLORE-768x768.jpg 768w, https:\/\/www.sudoestehoje.com.br\/novoportal\/wp-content\/uploads\/2018\/07\/FOLCLORE-700x700.jpg 700w, https:\/\/www.sudoestehoje.com.br\/novoportal\/wp-content\/uploads\/2018\/07\/FOLCLORE.jpg 960w\" sizes=\"auto, (max-width: 500px) 100vw, 500px\" \/><\/a><\/p>\n<p>22 de agosto \u00e9 o dia do folclore. Pensando nisso, no pr\u00f3ximo m\u00eas, a Secretaria de Educa\u00e7\u00e3o e Cultura realizar\u00e1 o projeto Agosto que Dan\u00e7a Folclore.<\/p>\n<p>Na Biblioteca Municipal acontecer\u00e3o, entre os pr\u00f3ximos dias 06 e 09, oficinas de dan\u00e7as folcl\u00f3ricas &#8211; que englobar\u00e3o os costumes sociais, as hist\u00f3rias das regi\u00f5es, as pr\u00e1ticas religiosas locais, entre outros \u2013 at\u00e9, claro, o aprendizado da execu\u00e7\u00e3o da dan\u00e7a.<\/p>\n<p>Assim, o que se prop\u00f5e \u00e9 enriquecer o aprendizado sobre a dan\u00e7a, ao inv\u00e9s de trabalhar os simples passos coreografados. As inscri\u00e7\u00f5es ser\u00e3o limitadas por Oficina. Poder\u00e3o participar escolas p\u00fablicas ou particulares e pessoas da comunidade.<\/p>\n<p>\u00c9 a prefeitura de Itapetinga dando destaque \u00e0 nossa cultura.<\/p>\n","protected":false},"excerpt":{"rendered":"<p>22 de agosto \u00e9 o dia do folclore. Pensando nisso, no pr\u00f3ximo m\u00eas, a Secretaria de Educa\u00e7\u00e3o e Cultura realizar\u00e1 o projeto Agosto que Dan\u00e7a Folclore. Na Biblioteca Municipal acontecer\u00e3o, entre os pr\u00f3ximos dias 06 e 09, oficinas de dan\u00e7as folcl\u00f3ricas &#8211; que englobar\u00e3o os costumes sociais, as hist\u00f3rias das regi\u00f5es, as pr\u00e1ticas religiosas locais, [&hellip;]<\/p>\n","protected":false},"author":2,"featured_media":73611,"comment_status":"open","ping_status":"open","sticky":false,"template":"","format":"standard","meta":{"footnotes":"","_links_to":"","_links_to_target":""},"categories":[1],"tags":[],"class_list":["post-73610","post","type-post","status-publish","format-standard","has-post-thumbnail","hentry","category-geral"],"views":1325,"_links":{"self":[{"href":"https:\/\/www.sudoestehoje.com.br\/novoportal\/wp-json\/wp\/v2\/posts\/73610","targetHints":{"allow":["GET"]}}],"collection":[{"href":"https:\/\/www.sudoestehoje.com.br\/novoportal\/wp-json\/wp\/v2\/posts"}],"about":[{"href":"https:\/\/www.sudoestehoje.com.br\/novoportal\/wp-json\/wp\/v2\/types\/post"}],"author":[{"embeddable":true,"href":"https:\/\/www.sudoestehoje.com.br\/novoportal\/wp-json\/wp\/v2\/users\/2"}],"replies":[{"embeddable":true,"href":"https:\/\/www.sudoestehoje.com.br\/novoportal\/wp-json\/wp\/v2\/comments?post=73610"}],"version-history":[{"count":2,"href":"https:\/\/www.sudoestehoje.com.br\/novoportal\/wp-json\/wp\/v2\/posts\/73610\/revisions"}],"predecessor-version":[{"id":73613,"href":"https:\/\/www.sudoestehoje.com.br\/novoportal\/wp-json\/wp\/v2\/posts\/73610\/revisions\/73613"}],"wp:featuredmedia":[{"embeddable":true,"href":"https:\/\/www.sudoestehoje.com.br\/novoportal\/wp-json\/wp\/v2\/media\/73611"}],"wp:attachment":[{"href":"https:\/\/www.sudoestehoje.com.br\/novoportal\/wp-json\/wp\/v2\/media?parent=73610"}],"wp:term":[{"taxonomy":"category","embeddable":true,"href":"https:\/\/www.sudoestehoje.com.br\/novoportal\/wp-json\/wp\/v2\/categories?post=73610"},{"taxonomy":"post_tag","embeddable":true,"href":"https:\/\/www.sudoestehoje.com.br\/novoportal\/wp-json\/wp\/v2\/tags?post=73610"}],"curies":[{"name":"wp","href":"https:\/\/api.w.org\/{rel}","templated":true}]}}