
{"id":73606,"date":"2018-07-17T19:45:54","date_gmt":"2018-07-17T22:45:54","guid":{"rendered":"http:\/\/www.sudoestehoje.com.br\/novoportal\/?p=73606"},"modified":"2018-07-17T19:55:37","modified_gmt":"2018-07-17T22:55:37","slug":"itapetinga-seinfra-abre-licitacao-para-a-asfaltar-pista-da-rodoviaria-a-exposicao-2","status":"publish","type":"post","link":"https:\/\/www.sudoestehoje.com.br\/novoportal\/2018\/07\/17\/itapetinga-seinfra-abre-licitacao-para-a-asfaltar-pista-da-rodoviaria-a-exposicao-2\/","title":{"rendered":"ITAPETINGA: SEINFRA ABRE LICITA\u00c7\u00c3O PARA ASFALTAR PISTA DA RODOVI\u00c1RIA \u00c0 EXPOSI\u00c7\u00c3O"},"content":{"rendered":"<p><a href=\"http:\/\/www.sudoestehoje.com.br\/novoportal\/wp-content\/uploads\/2018\/07\/av-isai-500x375-1.jpg\"><img loading=\"lazy\" decoding=\"async\" class=\"aligncenter size-medium wp-image-73607\" src=\"http:\/\/www.sudoestehoje.com.br\/novoportal\/wp-content\/uploads\/2018\/07\/av-isai-500x375-1-500x375.jpg\" alt=\"\" width=\"500\" height=\"375\" \/><\/a><\/p>\n<p>Na \u00faltima sexta-feira, a Secretaria Estadual de Infraestrutura da Bahia (SEINFRA) publicou no Di\u00e1rio Oficial do Estado a abertura do processo licitat\u00f3rio para pavimenta\u00e7\u00e3o asf\u00e1ltica do acesso da BA-263, no trecho urbano de Itapetinga, entre o Parque de Exposi\u00e7\u00f5es e a Rodovi\u00e1ria, num percurso de 6,20 Km.<\/p>\n<p>De acordo com o Edital de Licita\u00e7\u00e3o, o certame ser\u00e1 aberto no dia 16 de agosto pr\u00f3ximo, na pr\u00f3pria Seinfra, em Salvador, para escolha da construtora que dever\u00e1 ser contratada para realiza\u00e7\u00e3o da obra.<\/p>\n<p>Reiteradamente, o Sudoeste Hoje vem cobrando do governador Rui Costa o cumprimento da sua promessa \u00e0 popula\u00e7\u00e3o de Itapetinga, feita no final do ano passado, durante a inaugura\u00e7\u00e3o do Ponto SAC, atendendo pedido do prefeito Rodrigo Hagge.<\/p>\n<p><strong><em>Confira Aviso de Licita\u00e7\u00e3o:<\/em><\/strong><\/p>\n<p><a href=\"http:\/\/www.sudoestehoje.com.br\/novoportal\/wp-content\/uploads\/2018\/07\/edital.jpg\"><img loading=\"lazy\" decoding=\"async\" class=\"aligncenter size-medium wp-image-73601\" src=\"http:\/\/www.sudoestehoje.com.br\/novoportal\/wp-content\/uploads\/2018\/07\/edital-500x343.jpg\" alt=\"\" width=\"500\" height=\"343\" srcset=\"https:\/\/www.sudoestehoje.com.br\/novoportal\/wp-content\/uploads\/2018\/07\/edital-500x343.jpg 500w, https:\/\/www.sudoestehoje.com.br\/novoportal\/wp-content\/uploads\/2018\/07\/edital-700x480.jpg 700w, https:\/\/www.sudoestehoje.com.br\/novoportal\/wp-content\/uploads\/2018\/07\/edital.jpg 750w\" sizes=\"auto, (max-width: 500px) 100vw, 500px\" \/><\/a><\/p>\n","protected":false},"excerpt":{"rendered":"<p>Na \u00faltima sexta-feira, a Secretaria Estadual de Infraestrutura da Bahia (SEINFRA) publicou no Di\u00e1rio Oficial do Estado a abertura do processo licitat\u00f3rio para pavimenta\u00e7\u00e3o asf\u00e1ltica do acesso da BA-263, no trecho urbano de Itapetinga, entre o Parque de Exposi\u00e7\u00f5es e a Rodovi\u00e1ria, num percurso de 6,20 Km. De acordo com o Edital de Licita\u00e7\u00e3o, o [&hellip;]<\/p>\n","protected":false},"author":2,"featured_media":73607,"comment_status":"open","ping_status":"open","sticky":false,"template":"","format":"standard","meta":{"footnotes":"","_links_to":"","_links_to_target":""},"categories":[1],"tags":[],"class_list":["post-73606","post","type-post","status-publish","format-standard","has-post-thumbnail","hentry","category-geral"],"views":1772,"_links":{"self":[{"href":"https:\/\/www.sudoestehoje.com.br\/novoportal\/wp-json\/wp\/v2\/posts\/73606","targetHints":{"allow":["GET"]}}],"collection":[{"href":"https:\/\/www.sudoestehoje.com.br\/novoportal\/wp-json\/wp\/v2\/posts"}],"about":[{"href":"https:\/\/www.sudoestehoje.com.br\/novoportal\/wp-json\/wp\/v2\/types\/post"}],"author":[{"embeddable":true,"href":"https:\/\/www.sudoestehoje.com.br\/novoportal\/wp-json\/wp\/v2\/users\/2"}],"replies":[{"embeddable":true,"href":"https:\/\/www.sudoestehoje.com.br\/novoportal\/wp-json\/wp\/v2\/comments?post=73606"}],"version-history":[{"count":2,"href":"https:\/\/www.sudoestehoje.com.br\/novoportal\/wp-json\/wp\/v2\/posts\/73606\/revisions"}],"predecessor-version":[{"id":73609,"href":"https:\/\/www.sudoestehoje.com.br\/novoportal\/wp-json\/wp\/v2\/posts\/73606\/revisions\/73609"}],"wp:featuredmedia":[{"embeddable":true,"href":"https:\/\/www.sudoestehoje.com.br\/novoportal\/wp-json\/wp\/v2\/media\/73607"}],"wp:attachment":[{"href":"https:\/\/www.sudoestehoje.com.br\/novoportal\/wp-json\/wp\/v2\/media?parent=73606"}],"wp:term":[{"taxonomy":"category","embeddable":true,"href":"https:\/\/www.sudoestehoje.com.br\/novoportal\/wp-json\/wp\/v2\/categories?post=73606"},{"taxonomy":"post_tag","embeddable":true,"href":"https:\/\/www.sudoestehoje.com.br\/novoportal\/wp-json\/wp\/v2\/tags?post=73606"}],"curies":[{"name":"wp","href":"https:\/\/api.w.org\/{rel}","templated":true}]}}