
{"id":73590,"date":"2018-07-17T12:22:18","date_gmt":"2018-07-17T15:22:18","guid":{"rendered":"http:\/\/www.sudoestehoje.com.br\/novoportal\/?p=73590"},"modified":"2018-07-17T17:27:41","modified_gmt":"2018-07-17T20:27:41","slug":"2-morrem-e-5-ficam-feridos-apos-caminhao-invadir-posto-de-gasolina-em-salvador","status":"publish","type":"post","link":"https:\/\/www.sudoestehoje.com.br\/novoportal\/2018\/07\/17\/2-morrem-e-5-ficam-feridos-apos-caminhao-invadir-posto-de-gasolina-em-salvador\/","title":{"rendered":"2 MORREM E 5 FICAM FERIDOS AP\u00d3S CAMINH\u00c3O INVADIR POSTO DE GASOLINA EM SALVADOR"},"content":{"rendered":"<div class=\"mc-column content-text active-extra-styles active-capital-letter\" data-block-type=\"unstyled\" data-block-weight=\"33\" data-block-id=\"2\">\n<p class=\"content-text__container theme-color-primary-first-letter\" data-track-category=\"Link no Texto\" data-track-links=\"\"><a href=\"http:\/\/www.sudoestehoje.com.br\/novoportal\/wp-content\/uploads\/2018\/07\/TOBOGY-1.jpg\"><img loading=\"lazy\" decoding=\"async\" class=\"aligncenter size-medium wp-image-73591\" src=\"http:\/\/www.sudoestehoje.com.br\/novoportal\/wp-content\/uploads\/2018\/07\/TOBOGY-1-500x313.jpg\" alt=\"\" width=\"500\" height=\"313\" srcset=\"https:\/\/www.sudoestehoje.com.br\/novoportal\/wp-content\/uploads\/2018\/07\/TOBOGY-1-500x313.jpg 500w, https:\/\/www.sudoestehoje.com.br\/novoportal\/wp-content\/uploads\/2018\/07\/TOBOGY-1.jpg 640w\" sizes=\"auto, (max-width: 500px) 100vw, 500px\" \/><\/a><\/p>\n<p class=\"content-text__container theme-color-primary-first-letter\" data-track-category=\"Link no Texto\" data-track-links=\"\">Duas pessoas morreram e cinco ficaram feridas ap\u00f3s o motorista de um caminh\u00e3o invadir um posto de combust\u00edveis na manh\u00e3 desta ter\u00e7a-feira (17), na Avenida Aliomar Baleeiro, na entrada do Trobogy, em Salvador.<\/p>\n<\/div>\n<div class=\"wall\">\n<div class=\"mc-column content-text active-extra-styles \" data-block-type=\"unstyled\" data-block-weight=\"51\" data-block-id=\"3\">\n<p class=\"content-text__container \" data-track-category=\"Link no Texto\" data-track-links=\"\">A primeira v\u00edtima, identificada como Elinaldo Gon\u00e7alves, de 48 anos, morreu ainda no local do acidente. J\u00e1 o segundo \u00f3bito foi registrado no Hospital do Sub\u00farbio. Vanessa Brito Santos, de 28 anos, foi encaminhada \u00e0 unidade de sa\u00fade com uma fratura no f\u00eamur e passaria por uma cirurgia, mas n\u00e3o resistiu.<\/p>\n<\/div>\n<div class=\"mc-column content-text active-extra-styles \" data-block-type=\"unstyled\" data-block-weight=\"35\" data-block-id=\"4\">\n<p class=\"content-text__container \" data-track-category=\"Link no Texto\" data-track-links=\"\">Outras quatro v\u00edtimas continuam internadas em tr\u00eas hospitais da capital baiana: Hospital Municipal de Salvador e El\u00e1dio Lasserre e Hospital Geral do Estado (HGE). Tr\u00eas adolescentes de 16 anos e uma mulher de 26 anos.<\/p>\n<\/div>\n<div class=\"mc-column content-text active-extra-styles \" data-block-type=\"unstyled\" data-block-weight=\"31\" data-block-id=\"5\">\n<p class=\"content-text__container \" data-track-category=\"Link no Texto\" data-track-links=\"\">N\u00e3o foram divulgadas informa\u00e7\u00f5es sobre o 5\u00ba ferido. Segundo Ivan Paiva, coordenador do Samu, essa pessoa pode ter sofrido ferimentos leves e por isso n\u00e3o h\u00e1 registro de atendimento pelo Samu.<\/p>\n<\/div>\n<div class=\"mc-column content-text active-extra-styles \" data-block-type=\"unstyled\" data-block-weight=\"24\" data-block-id=\"6\">\n<p class=\"content-text__container \" data-track-category=\"Link no Texto\" data-track-links=\"\">De acordo com o \u00f3rg\u00e3o de tr\u00e2nsito, ao invadir o posto de combust\u00edveis, o caminh\u00e3o atropelou as v\u00edtimas e ainda destruiu parte do local.<\/p>\n<p class=\"content-text__container \" data-track-category=\"Link no Texto\" data-track-links=\"\">O Servi\u00e7o de Atendimento M\u00f3vel de Urg\u00eancia (Samu) foi acionado para socorrer as v\u00edtimas. De acordo com a assessoria do Samu, do total de feridos, tr\u00eas foram encaminhados para o Hospital Municipal, um para o Hospital El\u00e1dio Lass\u00e8rre e outro para o Hospital Geral do Estado (HGE).<\/p>\n<\/div>\n<\/div>\n","protected":false},"excerpt":{"rendered":"<p>Duas pessoas morreram e cinco ficaram feridas ap\u00f3s o motorista de um caminh\u00e3o invadir um posto de combust\u00edveis na manh\u00e3 desta ter\u00e7a-feira (17), na Avenida Aliomar Baleeiro, na entrada do Trobogy, em Salvador. A primeira v\u00edtima, identificada como Elinaldo Gon\u00e7alves, de 48 anos, morreu ainda no local do acidente. J\u00e1 o segundo \u00f3bito foi registrado [&hellip;]<\/p>\n","protected":false},"author":2,"featured_media":73591,"comment_status":"open","ping_status":"open","sticky":false,"template":"","format":"standard","meta":{"footnotes":"","_links_to":"","_links_to_target":""},"categories":[1],"tags":[],"class_list":["post-73590","post","type-post","status-publish","format-standard","has-post-thumbnail","hentry","category-geral"],"views":1075,"_links":{"self":[{"href":"https:\/\/www.sudoestehoje.com.br\/novoportal\/wp-json\/wp\/v2\/posts\/73590","targetHints":{"allow":["GET"]}}],"collection":[{"href":"https:\/\/www.sudoestehoje.com.br\/novoportal\/wp-json\/wp\/v2\/posts"}],"about":[{"href":"https:\/\/www.sudoestehoje.com.br\/novoportal\/wp-json\/wp\/v2\/types\/post"}],"author":[{"embeddable":true,"href":"https:\/\/www.sudoestehoje.com.br\/novoportal\/wp-json\/wp\/v2\/users\/2"}],"replies":[{"embeddable":true,"href":"https:\/\/www.sudoestehoje.com.br\/novoportal\/wp-json\/wp\/v2\/comments?post=73590"}],"version-history":[{"count":1,"href":"https:\/\/www.sudoestehoje.com.br\/novoportal\/wp-json\/wp\/v2\/posts\/73590\/revisions"}],"predecessor-version":[{"id":73592,"href":"https:\/\/www.sudoestehoje.com.br\/novoportal\/wp-json\/wp\/v2\/posts\/73590\/revisions\/73592"}],"wp:featuredmedia":[{"embeddable":true,"href":"https:\/\/www.sudoestehoje.com.br\/novoportal\/wp-json\/wp\/v2\/media\/73591"}],"wp:attachment":[{"href":"https:\/\/www.sudoestehoje.com.br\/novoportal\/wp-json\/wp\/v2\/media?parent=73590"}],"wp:term":[{"taxonomy":"category","embeddable":true,"href":"https:\/\/www.sudoestehoje.com.br\/novoportal\/wp-json\/wp\/v2\/categories?post=73590"},{"taxonomy":"post_tag","embeddable":true,"href":"https:\/\/www.sudoestehoje.com.br\/novoportal\/wp-json\/wp\/v2\/tags?post=73590"}],"curies":[{"name":"wp","href":"https:\/\/api.w.org\/{rel}","templated":true}]}}