
{"id":73586,"date":"2018-07-17T15:14:21","date_gmt":"2018-07-17T18:14:21","guid":{"rendered":"http:\/\/www.sudoestehoje.com.br\/novoportal\/?p=73586"},"modified":"2018-07-17T17:20:34","modified_gmt":"2018-07-17T20:20:34","slug":"advogado-que-estava-desaparecido-e-encontrado-em-hotel-de-conquista","status":"publish","type":"post","link":"https:\/\/www.sudoestehoje.com.br\/novoportal\/2018\/07\/17\/advogado-que-estava-desaparecido-e-encontrado-em-hotel-de-conquista\/","title":{"rendered":"ADVOGADO QUE ESTAVA DESAPARECIDO \u00c9 ENCONTRADO EM HOTEL DE CONQUISTA"},"content":{"rendered":"<div class=\"mc-column content-text active-extra-styles active-capital-letter\" data-block-type=\"unstyled\" data-block-weight=\"47\" data-block-id=\"2\">\n<p class=\"content-text__container theme-color-primary-first-letter\" data-track-category=\"Link no Texto\" data-track-links=\"\"><a href=\"http:\/\/www.sudoestehoje.com.br\/novoportal\/wp-content\/uploads\/2018\/07\/ADV-1.jpg\"><img loading=\"lazy\" decoding=\"async\" class=\"aligncenter size-medium wp-image-73588\" src=\"http:\/\/www.sudoestehoje.com.br\/novoportal\/wp-content\/uploads\/2018\/07\/ADV-1-500x310.jpg\" alt=\"\" width=\"500\" height=\"310\" \/><\/a><\/p>\n<p class=\"content-text__container theme-color-primary-first-letter\" data-track-category=\"Link no Texto\" data-track-links=\"\">O advogado de 23 anos que mora em Eun\u00e1polis, no extremo sul da Bahia, e que estava desaparecido h\u00e1 cerca de uma semana, foi encontrado por familiares na tarde desta ter\u00e7a-feira (17), hospedado em um hotel na cidade de Vit\u00f3ria da Conquista, na regi\u00e3o sudoeste do estado.<\/p>\n<\/div>\n<div class=\"wall\">\n<div class=\"mc-column content-text active-extra-styles \" data-block-type=\"unstyled\" data-block-weight=\"28\" data-block-id=\"3\">\n<p class=\"content-text__container \" data-track-category=\"Link no Texto\" data-track-links=\"\">De acordo com a m\u00e3e de Fernando Melo, Karen Daniela, o jovem disse para a fam\u00edlia que tinha viajado para Vit\u00f3ria da Conquista para estudar para um concurso.<\/p>\n<\/div>\n<div class=\"mc-column content-text active-extra-styles \" data-block-type=\"unstyled\" data-block-weight=\"42\" data-block-id=\"4\">\n<p class=\"content-text__container \" data-track-category=\"Link no Texto\" data-track-links=\"\">Conforme a m\u00e3e do advogado, o celular dele est\u00e1 quebrado e, por isso, ele n\u00e3o entrou em contato com a fam\u00edlia durante a semana. A m\u00e3e de Fernando Melo tamb\u00e9m disse que ele n\u00e3o viu nenhuma not\u00edcia sobre a procura da fam\u00edlia.<\/p>\n<\/div>\n<div class=\"mc-column content-text active-extra-styles \" data-block-type=\"unstyled\" data-block-weight=\"26\" data-block-id=\"5\">\n<p class=\"content-text__container \" data-track-category=\"Link no Texto\" data-track-links=\"\">O rapaz mora sozinho em Eun\u00e1polis, h\u00e1 cerca de quatro meses, e n\u00e3o tem o h\u00e1bito de ficar muito tempo sem se comunicar com a fam\u00edlia.<\/p>\n<\/div>\n<\/div>\n<div data-track-category=\"fim do conteudo\" data-track-action=\"ultimo chunk conteudo\" data-track-noninteraction=\"false\" data-track-scroll=\"entrada completa viewport\">\n<div class=\"mc-column content-text active-extra-styles \" data-block-type=\"unstyled\" data-block-weight=\"45\" data-block-id=\"6\">\n<p class=\"content-text__container \" data-track-category=\"Link no Texto\" data-track-links=\"\">Na tarde de segunda-feira (16), familiares do advogado receberam uma\u00a0<a href=\"https:\/\/g1.globo.com\/ba\/bahia\/noticia\/advogado-de-23-anos-que-estava-desaparecido-e-encontrado-por-medico-em-unidade-de-saude-no-sudoeste-da-bahia.ghtml\">liga\u00e7\u00e3o com pista de que ele esteve em UPA de Vit\u00f3ria da Conquista<\/a>. A m\u00e3e de Fernando Melo disse que ele esteve no local e foi diagnosticado com uma insola\u00e7\u00e3o, mas que j\u00e1 est\u00e1 recuperado.<\/p>\n<\/div>\n<\/div>\n","protected":false},"excerpt":{"rendered":"<p>O advogado de 23 anos que mora em Eun\u00e1polis, no extremo sul da Bahia, e que estava desaparecido h\u00e1 cerca de uma semana, foi encontrado por familiares na tarde desta ter\u00e7a-feira (17), hospedado em um hotel na cidade de Vit\u00f3ria da Conquista, na regi\u00e3o sudoeste do estado. De acordo com a m\u00e3e de Fernando Melo, [&hellip;]<\/p>\n","protected":false},"author":2,"featured_media":73588,"comment_status":"open","ping_status":"open","sticky":false,"template":"","format":"standard","meta":{"footnotes":"","_links_to":"","_links_to_target":""},"categories":[1],"tags":[],"class_list":["post-73586","post","type-post","status-publish","format-standard","has-post-thumbnail","hentry","category-geral"],"views":2590,"_links":{"self":[{"href":"https:\/\/www.sudoestehoje.com.br\/novoportal\/wp-json\/wp\/v2\/posts\/73586","targetHints":{"allow":["GET"]}}],"collection":[{"href":"https:\/\/www.sudoestehoje.com.br\/novoportal\/wp-json\/wp\/v2\/posts"}],"about":[{"href":"https:\/\/www.sudoestehoje.com.br\/novoportal\/wp-json\/wp\/v2\/types\/post"}],"author":[{"embeddable":true,"href":"https:\/\/www.sudoestehoje.com.br\/novoportal\/wp-json\/wp\/v2\/users\/2"}],"replies":[{"embeddable":true,"href":"https:\/\/www.sudoestehoje.com.br\/novoportal\/wp-json\/wp\/v2\/comments?post=73586"}],"version-history":[{"count":2,"href":"https:\/\/www.sudoestehoje.com.br\/novoportal\/wp-json\/wp\/v2\/posts\/73586\/revisions"}],"predecessor-version":[{"id":73589,"href":"https:\/\/www.sudoestehoje.com.br\/novoportal\/wp-json\/wp\/v2\/posts\/73586\/revisions\/73589"}],"wp:featuredmedia":[{"embeddable":true,"href":"https:\/\/www.sudoestehoje.com.br\/novoportal\/wp-json\/wp\/v2\/media\/73588"}],"wp:attachment":[{"href":"https:\/\/www.sudoestehoje.com.br\/novoportal\/wp-json\/wp\/v2\/media?parent=73586"}],"wp:term":[{"taxonomy":"category","embeddable":true,"href":"https:\/\/www.sudoestehoje.com.br\/novoportal\/wp-json\/wp\/v2\/categories?post=73586"},{"taxonomy":"post_tag","embeddable":true,"href":"https:\/\/www.sudoestehoje.com.br\/novoportal\/wp-json\/wp\/v2\/tags?post=73586"}],"curies":[{"name":"wp","href":"https:\/\/api.w.org\/{rel}","templated":true}]}}