
{"id":73577,"date":"2018-07-16T22:46:18","date_gmt":"2018-07-17T01:46:18","guid":{"rendered":"http:\/\/www.sudoestehoje.com.br\/novoportal\/?p=73577"},"modified":"2018-07-16T22:47:07","modified_gmt":"2018-07-17T01:47:07","slug":"copa-brasil-bahia-perde-de-2-a-0-para-vasco-mas-avanca-para-as-quartas-de-final","status":"publish","type":"post","link":"https:\/\/www.sudoestehoje.com.br\/novoportal\/2018\/07\/16\/copa-brasil-bahia-perde-de-2-a-0-para-vasco-mas-avanca-para-as-quartas-de-final\/","title":{"rendered":"COPA DO BRASIL: BAHIA PERDE DE 2 A 0 PARA VASCO MAS AVAN\u00c7A PARA AS QUARTAS DE FINAL"},"content":{"rendered":"<p><a href=\"http:\/\/www.sudoestehoje.com.br\/novoportal\/wp-content\/uploads\/2018\/07\/VASCO-E-BAHIA.jpg\"><img loading=\"lazy\" decoding=\"async\" class=\"aligncenter size-medium wp-image-73578\" src=\"http:\/\/www.sudoestehoje.com.br\/novoportal\/wp-content\/uploads\/2018\/07\/VASCO-E-BAHIA-500x281.jpg\" alt=\"\" width=\"500\" height=\"281\" srcset=\"https:\/\/www.sudoestehoje.com.br\/novoportal\/wp-content\/uploads\/2018\/07\/VASCO-E-BAHIA-500x281.jpg 500w, https:\/\/www.sudoestehoje.com.br\/novoportal\/wp-content\/uploads\/2018\/07\/VASCO-E-BAHIA.jpg 640w\" sizes=\"auto, (max-width: 500px) 100vw, 500px\" \/><\/a><\/p>\n<p>Ap\u00f3s vencer por 3 a 0 em Salvador, o Bahia foi derrotado pelo Vasco por 2 a 0 em S\u00e3o Janu\u00e1rio e garantiu a classifica\u00e7\u00e3o para as quartas de final da Copa do Brasil. Pikachu e Andrey marcaram para o Cruz-Maltino. Com o regulamento em m\u00e3os, o Tricolor criou pouco e deixou o advers\u00e1rio jogar, mas conseguiu suportar a press\u00e3o e se aproveitou do nervosismo dos cariocas para avan\u00e7ar.<\/p>\n<p>Nas quartas de final, o Bahia vai enfrentar o Palmeiras. A primeira partida acontecer\u00e1 na Arena Fonte Nova, no dia 2 de agosto, \u00e0s 19h15. O jogo decisivo ser\u00e1 na Arena Palmeiras, no dia 16, no mesmo hor\u00e1rio. O clube paulista passou pelo Am\u00e9rica-MG nas oitavas, ap\u00f3s vit\u00f3ria por 2 a 1 (fora) e empate por 1 a 1 (casa).<\/p>\n","protected":false},"excerpt":{"rendered":"<p>Ap\u00f3s vencer por 3 a 0 em Salvador, o Bahia foi derrotado pelo Vasco por 2 a 0 em S\u00e3o Janu\u00e1rio e garantiu a classifica\u00e7\u00e3o para as quartas de final da Copa do Brasil. Pikachu e Andrey marcaram para o Cruz-Maltino. Com o regulamento em m\u00e3os, o Tricolor criou pouco e deixou o advers\u00e1rio jogar, [&hellip;]<\/p>\n","protected":false},"author":2,"featured_media":73578,"comment_status":"open","ping_status":"open","sticky":false,"template":"","format":"standard","meta":{"footnotes":"","_links_to":"","_links_to_target":""},"categories":[1],"tags":[],"class_list":["post-73577","post","type-post","status-publish","format-standard","has-post-thumbnail","hentry","category-geral"],"views":966,"_links":{"self":[{"href":"https:\/\/www.sudoestehoje.com.br\/novoportal\/wp-json\/wp\/v2\/posts\/73577","targetHints":{"allow":["GET"]}}],"collection":[{"href":"https:\/\/www.sudoestehoje.com.br\/novoportal\/wp-json\/wp\/v2\/posts"}],"about":[{"href":"https:\/\/www.sudoestehoje.com.br\/novoportal\/wp-json\/wp\/v2\/types\/post"}],"author":[{"embeddable":true,"href":"https:\/\/www.sudoestehoje.com.br\/novoportal\/wp-json\/wp\/v2\/users\/2"}],"replies":[{"embeddable":true,"href":"https:\/\/www.sudoestehoje.com.br\/novoportal\/wp-json\/wp\/v2\/comments?post=73577"}],"version-history":[{"count":3,"href":"https:\/\/www.sudoestehoje.com.br\/novoportal\/wp-json\/wp\/v2\/posts\/73577\/revisions"}],"predecessor-version":[{"id":73581,"href":"https:\/\/www.sudoestehoje.com.br\/novoportal\/wp-json\/wp\/v2\/posts\/73577\/revisions\/73581"}],"wp:featuredmedia":[{"embeddable":true,"href":"https:\/\/www.sudoestehoje.com.br\/novoportal\/wp-json\/wp\/v2\/media\/73578"}],"wp:attachment":[{"href":"https:\/\/www.sudoestehoje.com.br\/novoportal\/wp-json\/wp\/v2\/media?parent=73577"}],"wp:term":[{"taxonomy":"category","embeddable":true,"href":"https:\/\/www.sudoestehoje.com.br\/novoportal\/wp-json\/wp\/v2\/categories?post=73577"},{"taxonomy":"post_tag","embeddable":true,"href":"https:\/\/www.sudoestehoje.com.br\/novoportal\/wp-json\/wp\/v2\/tags?post=73577"}],"curies":[{"name":"wp","href":"https:\/\/api.w.org\/{rel}","templated":true}]}}