
{"id":73562,"date":"2018-07-16T21:41:22","date_gmt":"2018-07-17T00:41:22","guid":{"rendered":"http:\/\/www.sudoestehoje.com.br\/novoportal\/?p=73562"},"modified":"2018-07-16T21:41:22","modified_gmt":"2018-07-17T00:41:22","slug":"governo-federal-antecipa-primeira-parcela-do-13o-de-aposentados-e-pensionistas","status":"publish","type":"post","link":"https:\/\/www.sudoestehoje.com.br\/novoportal\/2018\/07\/16\/governo-federal-antecipa-primeira-parcela-do-13o-de-aposentados-e-pensionistas\/","title":{"rendered":"GOVERNO FEDERAL ANTECIPA PRIMEIRA PARCELA DO 13\u00ba DE APOSENTADOS E PENSIONISTAS"},"content":{"rendered":"<p><a href=\"http:\/\/www.sudoestehoje.com.br\/novoportal\/wp-content\/uploads\/2018\/07\/aposentados-3.jpg\"><img loading=\"lazy\" decoding=\"async\" class=\"aligncenter size-medium wp-image-73565\" src=\"http:\/\/www.sudoestehoje.com.br\/novoportal\/wp-content\/uploads\/2018\/07\/aposentados-3-500x294.jpg\" alt=\"\" width=\"500\" height=\"294\" srcset=\"https:\/\/www.sudoestehoje.com.br\/novoportal\/wp-content\/uploads\/2018\/07\/aposentados-3-500x294.jpg 500w, https:\/\/www.sudoestehoje.com.br\/novoportal\/wp-content\/uploads\/2018\/07\/aposentados-3.jpg 680w\" sizes=\"auto, (max-width: 500px) 100vw, 500px\" \/><\/a><\/p>\n<p>Aposentados e pensionistas do\u00a0Instituto Nacional do Seguro Social (INSS) receber\u00e3o a primeira parte do 13\u00ba sal\u00e1rio junto com a remunera\u00e7\u00e3o de agosto.\u00a0A primeira parcela do abono anual corresponder\u00e1 a at\u00e9 50% do valor do benef\u00edcio.<\/p>\n<p>O decreto autorizando a antecipa\u00e7\u00e3o foi assinado hoje (16)\u00a0pelo\u00a0presidente Michel Temer, mas ainda n\u00e3o foi publicado no\u00a0<em>Di\u00e1rio Oficial da Uni\u00e3o<\/em>. A medida deve injetar R$ 21 bilh\u00f5es na economia do pa\u00eds e movimentar o com\u00e9rcio e outros setores.<\/p>\n<p>Como determina a legisla\u00e7\u00e3o, n\u00e3o haver\u00e1 desconto de Imposto de Renda na primeira parcela paga a aposentados e pensionistas do INSS. O imposto sobre o valor\u00a0somente pode ser cobrado na segunda parcela da gratifica\u00e7\u00e3o natalina, a ser paga junto com a remunera\u00e7\u00e3o de novembro.<\/p>\n<p>Desde 2006, o governo antecipa a primeira parcela do 13\u00ba\u00a0sal\u00e1rio dos aposentados e pensionistas na folha de agosto.<\/p>\n<p>Somente em 2015, o pagamento foi adiado para setembro, por causa do ritmo fraco da economia e da queda da arrecada\u00e7\u00e3o.<\/p>\n","protected":false},"excerpt":{"rendered":"<p>Aposentados e pensionistas do\u00a0Instituto Nacional do Seguro Social (INSS) receber\u00e3o a primeira parte do 13\u00ba sal\u00e1rio junto com a remunera\u00e7\u00e3o de agosto.\u00a0A primeira parcela do abono anual corresponder\u00e1 a at\u00e9 50% do valor do benef\u00edcio. O decreto autorizando a antecipa\u00e7\u00e3o foi assinado hoje (16)\u00a0pelo\u00a0presidente Michel Temer, mas ainda n\u00e3o foi publicado no\u00a0Di\u00e1rio Oficial da Uni\u00e3o. [&hellip;]<\/p>\n","protected":false},"author":2,"featured_media":73565,"comment_status":"open","ping_status":"open","sticky":false,"template":"","format":"standard","meta":{"footnotes":"","_links_to":"","_links_to_target":""},"categories":[1],"tags":[],"class_list":["post-73562","post","type-post","status-publish","format-standard","has-post-thumbnail","hentry","category-geral"],"views":1162,"_links":{"self":[{"href":"https:\/\/www.sudoestehoje.com.br\/novoportal\/wp-json\/wp\/v2\/posts\/73562","targetHints":{"allow":["GET"]}}],"collection":[{"href":"https:\/\/www.sudoestehoje.com.br\/novoportal\/wp-json\/wp\/v2\/posts"}],"about":[{"href":"https:\/\/www.sudoestehoje.com.br\/novoportal\/wp-json\/wp\/v2\/types\/post"}],"author":[{"embeddable":true,"href":"https:\/\/www.sudoestehoje.com.br\/novoportal\/wp-json\/wp\/v2\/users\/2"}],"replies":[{"embeddable":true,"href":"https:\/\/www.sudoestehoje.com.br\/novoportal\/wp-json\/wp\/v2\/comments?post=73562"}],"version-history":[{"count":4,"href":"https:\/\/www.sudoestehoje.com.br\/novoportal\/wp-json\/wp\/v2\/posts\/73562\/revisions"}],"predecessor-version":[{"id":73567,"href":"https:\/\/www.sudoestehoje.com.br\/novoportal\/wp-json\/wp\/v2\/posts\/73562\/revisions\/73567"}],"wp:featuredmedia":[{"embeddable":true,"href":"https:\/\/www.sudoestehoje.com.br\/novoportal\/wp-json\/wp\/v2\/media\/73565"}],"wp:attachment":[{"href":"https:\/\/www.sudoestehoje.com.br\/novoportal\/wp-json\/wp\/v2\/media?parent=73562"}],"wp:term":[{"taxonomy":"category","embeddable":true,"href":"https:\/\/www.sudoestehoje.com.br\/novoportal\/wp-json\/wp\/v2\/categories?post=73562"},{"taxonomy":"post_tag","embeddable":true,"href":"https:\/\/www.sudoestehoje.com.br\/novoportal\/wp-json\/wp\/v2\/tags?post=73562"}],"curies":[{"name":"wp","href":"https:\/\/api.w.org\/{rel}","templated":true}]}}