
{"id":73558,"date":"2018-07-16T21:30:38","date_gmt":"2018-07-17T00:30:38","guid":{"rendered":"http:\/\/www.sudoestehoje.com.br\/novoportal\/?p=73558"},"modified":"2018-07-16T21:30:57","modified_gmt":"2018-07-17T00:30:57","slug":"comemoracao-francesa-termina-com-2-mortes-dezenas-de-feridos-e-292-detidos","status":"publish","type":"post","link":"https:\/\/www.sudoestehoje.com.br\/novoportal\/2018\/07\/16\/comemoracao-francesa-termina-com-2-mortes-dezenas-de-feridos-e-292-detidos\/","title":{"rendered":"COMEMORA\u00c7\u00c3O FRANCESA TERMINA COM 2 MORTES, DEZENAS DE FERIDOS E 292 DETIDOS"},"content":{"rendered":"<p><a href=\"http:\/\/www.sudoestehoje.com.br\/novoportal\/wp-content\/uploads\/2018\/07\/PARIS.jpg\"><img loading=\"lazy\" decoding=\"async\" class=\"aligncenter size-medium wp-image-73559\" src=\"http:\/\/www.sudoestehoje.com.br\/novoportal\/wp-content\/uploads\/2018\/07\/PARIS-500x281.jpg\" alt=\"\" width=\"500\" height=\"281\" srcset=\"https:\/\/www.sudoestehoje.com.br\/novoportal\/wp-content\/uploads\/2018\/07\/PARIS-500x281.jpg 500w, https:\/\/www.sudoestehoje.com.br\/novoportal\/wp-content\/uploads\/2018\/07\/PARIS.jpg 640w\" sizes=\"auto, (max-width: 500px) 100vw, 500px\" \/><\/a><\/p>\n<p>Duas pessoas morreram e dezenas ficaram feridas, incluindo tr\u00eas crian\u00e7as e 45 policiais, neste domingo, durante as comemora\u00e7\u00f5es pelo t\u00edtulo da Copa do Mundo de 2018 na Fran\u00e7a. Devido aos tumultos, 292 torcedores foram detidos, segundo a imprensa local.<\/p>\n<p>Um homem na faixa dos 50 anos quebrou seu pesco\u00e7o ap\u00f3s pular em um canal no departamento Haute-Savoie, na regi\u00e3o de Auvergne-Rh\u00f4ne-Alpes, e um motorista bateu com o carro em uma \u00e1rvore em Oise, na regi\u00e3o de Picardie, segundo o &#8220;Le Parisien&#8221;.<\/p>\n<p>Tr\u00eas crian\u00e7as, com idades entre 3 e 6 anos, ficaram gravemente feridas ap\u00f3s serem atingidas por uma moto no departamento de Meurthe-et-Moselle, na regi\u00e3o de Lorraine, onde tamb\u00e9m um policial se feriu em meio a um tumulto e um torcedor foi atingido por um foguete durante uma queima de fogos, informou o &#8220;L&#8217;Est R\u00e9publicain&#8221;.<\/p>\n<p>As confus\u00f5es generalizadas na Fran\u00e7a provocaram a deten\u00e7\u00e3o de 292 pessoas durante a festa nacional ap\u00f3s a vit\u00f3ria na Copa, informou o Minist\u00e9rio do Interior nesta segunda-feira. Em Paris, foram detidas 102 pessoas, das quais 90 ficaram sob cust\u00f3dia para serem interrogadas, afirmaram as autoridades.<\/p>\n<p>\u2014 Levando-se em conta a multid\u00e3o presente (nas comemora\u00e7\u00f5es), e apesar dos incidentes inaceit\u00e1veis, trata-se de um balan\u00e7o moderado \u2014 declarou o respons\u00e1vel pela Pol\u00edcia de Paris, Michel Delpuech, em entrevista coletiva.<\/p>\n","protected":false},"excerpt":{"rendered":"<p>Duas pessoas morreram e dezenas ficaram feridas, incluindo tr\u00eas crian\u00e7as e 45 policiais, neste domingo, durante as comemora\u00e7\u00f5es pelo t\u00edtulo da Copa do Mundo de 2018 na Fran\u00e7a. Devido aos tumultos, 292 torcedores foram detidos, segundo a imprensa local. Um homem na faixa dos 50 anos quebrou seu pesco\u00e7o ap\u00f3s pular em um canal no [&hellip;]<\/p>\n","protected":false},"author":2,"featured_media":73559,"comment_status":"open","ping_status":"open","sticky":false,"template":"","format":"standard","meta":{"footnotes":"","_links_to":"","_links_to_target":""},"categories":[1],"tags":[],"class_list":["post-73558","post","type-post","status-publish","format-standard","has-post-thumbnail","hentry","category-geral"],"views":1060,"_links":{"self":[{"href":"https:\/\/www.sudoestehoje.com.br\/novoportal\/wp-json\/wp\/v2\/posts\/73558","targetHints":{"allow":["GET"]}}],"collection":[{"href":"https:\/\/www.sudoestehoje.com.br\/novoportal\/wp-json\/wp\/v2\/posts"}],"about":[{"href":"https:\/\/www.sudoestehoje.com.br\/novoportal\/wp-json\/wp\/v2\/types\/post"}],"author":[{"embeddable":true,"href":"https:\/\/www.sudoestehoje.com.br\/novoportal\/wp-json\/wp\/v2\/users\/2"}],"replies":[{"embeddable":true,"href":"https:\/\/www.sudoestehoje.com.br\/novoportal\/wp-json\/wp\/v2\/comments?post=73558"}],"version-history":[{"count":2,"href":"https:\/\/www.sudoestehoje.com.br\/novoportal\/wp-json\/wp\/v2\/posts\/73558\/revisions"}],"predecessor-version":[{"id":73561,"href":"https:\/\/www.sudoestehoje.com.br\/novoportal\/wp-json\/wp\/v2\/posts\/73558\/revisions\/73561"}],"wp:featuredmedia":[{"embeddable":true,"href":"https:\/\/www.sudoestehoje.com.br\/novoportal\/wp-json\/wp\/v2\/media\/73559"}],"wp:attachment":[{"href":"https:\/\/www.sudoestehoje.com.br\/novoportal\/wp-json\/wp\/v2\/media?parent=73558"}],"wp:term":[{"taxonomy":"category","embeddable":true,"href":"https:\/\/www.sudoestehoje.com.br\/novoportal\/wp-json\/wp\/v2\/categories?post=73558"},{"taxonomy":"post_tag","embeddable":true,"href":"https:\/\/www.sudoestehoje.com.br\/novoportal\/wp-json\/wp\/v2\/tags?post=73558"}],"curies":[{"name":"wp","href":"https:\/\/api.w.org\/{rel}","templated":true}]}}