
{"id":73552,"date":"2018-07-16T20:58:03","date_gmt":"2018-07-16T23:58:03","guid":{"rendered":"http:\/\/www.sudoestehoje.com.br\/novoportal\/?p=73552"},"modified":"2018-07-18T21:35:24","modified_gmt":"2018-07-19T00:35:24","slug":"itapetinga-mira-do-12-de-dezembro-promove-ressaca-do-sao-joao","status":"publish","type":"post","link":"https:\/\/www.sudoestehoje.com.br\/novoportal\/2018\/07\/16\/itapetinga-mira-do-12-de-dezembro-promove-ressaca-do-sao-joao\/","title":{"rendered":"ITAPETINGA: MIRA DO 12 DE DEZEMBRO PROMOVE &#8216;RESSACA DO S\u00c3O JO\u00c3O&#8217;"},"content":{"rendered":"<p><a href=\"http:\/\/www.sudoestehoje.com.br\/novoportal\/wp-content\/uploads\/2018\/07\/mira-1-1.jpg\"><img loading=\"lazy\" decoding=\"async\" class=\"aligncenter size-medium wp-image-73555\" src=\"http:\/\/www.sudoestehoje.com.br\/novoportal\/wp-content\/uploads\/2018\/07\/mira-1-1-500x281.jpg\" alt=\"\" width=\"500\" height=\"281\" srcset=\"https:\/\/www.sudoestehoje.com.br\/novoportal\/wp-content\/uploads\/2018\/07\/mira-1-1-500x281.jpg 500w, https:\/\/www.sudoestehoje.com.br\/novoportal\/wp-content\/uploads\/2018\/07\/mira-1-1-768x432.jpg 768w, https:\/\/www.sudoestehoje.com.br\/novoportal\/wp-content\/uploads\/2018\/07\/mira-1-1-700x394.jpg 700w, https:\/\/www.sudoestehoje.com.br\/novoportal\/wp-content\/uploads\/2018\/07\/mira-1-1.jpg 960w\" sizes=\"auto, (max-width: 500px) 100vw, 500px\" \/><\/a><\/p>\n<p>A presidente da Associa\u00e7\u00e3o dos Moradores do 12 de Dezembro, Mira Alves, promoveu a &#8216;Ressaca do S\u00e3o Jo\u00e3o&#8217;, festa que movimentou o residencial e agradou os seus moradores, neste final de semana.<\/p>\n<p>Animaram a festa o forrozeiro Mazinho Sanfoneiro, Gilberto Seresteiro e a sensa\u00e7\u00e3o do momento em Itapetinga, Luan Barreto.<\/p>\n<p>Com a presen\u00e7a de moradores dos residenciais 12 de Dezembro, Jos\u00e9 Ivo e Vila \u00c9rika, a festa foi prestigiada por figuras ilustres, como a Secret\u00e1ria do Desenvolvimento Social, Virg\u00ednia Brito, dentre outras.<\/p>\n<p><a href=\"http:\/\/www.sudoestehoje.com.br\/novoportal\/wp-content\/uploads\/2018\/07\/mira-1.jpg\"><img loading=\"lazy\" decoding=\"async\" class=\"aligncenter size-full wp-image-73554\" src=\"http:\/\/www.sudoestehoje.com.br\/novoportal\/wp-content\/uploads\/2018\/07\/mira-1.jpg\" alt=\"\" width=\"480\" height=\"270\" \/><\/a><\/p>\n<p>Mira agradeceu o apoios recebido do com\u00e9rcio, atrav\u00e9s do Mercadinho Baiano, do vereador Valquir\u00e3o e dos pais do cantor Luan Barreto, para que pudesse realizar os tr\u00eas dias de festa com sucesso.<\/p>\n<p>O evento contou com o apoio da Prefeitura Municipal de Itapetinga, atrav\u00e9s do prefeito Rodrigo Hagge.<\/p>\n<p><strong><em>Reda\u00e7\u00e3o<\/em><\/strong><\/p>\n","protected":false},"excerpt":{"rendered":"<p>A presidente da Associa\u00e7\u00e3o dos Moradores do 12 de Dezembro, Mira Alves, promoveu a &#8216;Ressaca do S\u00e3o Jo\u00e3o&#8217;, festa que movimentou o residencial e agradou os seus moradores, neste final de semana. Animaram a festa o forrozeiro Mazinho Sanfoneiro, Gilberto Seresteiro e a sensa\u00e7\u00e3o do momento em Itapetinga, Luan Barreto. Com a presen\u00e7a de moradores [&hellip;]<\/p>\n","protected":false},"author":2,"featured_media":73555,"comment_status":"open","ping_status":"open","sticky":false,"template":"","format":"standard","meta":{"footnotes":"","_links_to":"","_links_to_target":""},"categories":[1],"tags":[],"class_list":["post-73552","post","type-post","status-publish","format-standard","has-post-thumbnail","hentry","category-geral"],"views":1274,"_links":{"self":[{"href":"https:\/\/www.sudoestehoje.com.br\/novoportal\/wp-json\/wp\/v2\/posts\/73552","targetHints":{"allow":["GET"]}}],"collection":[{"href":"https:\/\/www.sudoestehoje.com.br\/novoportal\/wp-json\/wp\/v2\/posts"}],"about":[{"href":"https:\/\/www.sudoestehoje.com.br\/novoportal\/wp-json\/wp\/v2\/types\/post"}],"author":[{"embeddable":true,"href":"https:\/\/www.sudoestehoje.com.br\/novoportal\/wp-json\/wp\/v2\/users\/2"}],"replies":[{"embeddable":true,"href":"https:\/\/www.sudoestehoje.com.br\/novoportal\/wp-json\/wp\/v2\/comments?post=73552"}],"version-history":[{"count":3,"href":"https:\/\/www.sudoestehoje.com.br\/novoportal\/wp-json\/wp\/v2\/posts\/73552\/revisions"}],"predecessor-version":[{"id":73614,"href":"https:\/\/www.sudoestehoje.com.br\/novoportal\/wp-json\/wp\/v2\/posts\/73552\/revisions\/73614"}],"wp:featuredmedia":[{"embeddable":true,"href":"https:\/\/www.sudoestehoje.com.br\/novoportal\/wp-json\/wp\/v2\/media\/73555"}],"wp:attachment":[{"href":"https:\/\/www.sudoestehoje.com.br\/novoportal\/wp-json\/wp\/v2\/media?parent=73552"}],"wp:term":[{"taxonomy":"category","embeddable":true,"href":"https:\/\/www.sudoestehoje.com.br\/novoportal\/wp-json\/wp\/v2\/categories?post=73552"},{"taxonomy":"post_tag","embeddable":true,"href":"https:\/\/www.sudoestehoje.com.br\/novoportal\/wp-json\/wp\/v2\/tags?post=73552"}],"curies":[{"name":"wp","href":"https:\/\/api.w.org\/{rel}","templated":true}]}}