
{"id":73547,"date":"2018-07-16T19:24:08","date_gmt":"2018-07-16T22:24:08","guid":{"rendered":"http:\/\/www.sudoestehoje.com.br\/novoportal\/?p=73547"},"modified":"2018-07-16T19:24:08","modified_gmt":"2018-07-16T22:24:08","slug":"pastor-tom-e-ciano-filho-selam-alianca-e-devem-conquistar-votos-evangelicos","status":"publish","type":"post","link":"https:\/\/www.sudoestehoje.com.br\/novoportal\/2018\/07\/16\/pastor-tom-e-ciano-filho-selam-alianca-e-devem-conquistar-votos-evangelicos\/","title":{"rendered":"PASTOR TOM E CIANO FILHO SELAM ALIAN\u00c7A E DEVEM CONQUISTAR VOTOS EVANG\u00c9LICOS"},"content":{"rendered":"<p><a href=\"http:\/\/www.sudoestehoje.com.br\/novoportal\/wp-content\/uploads\/2018\/07\/CIANO-E-TOM.jpg\"><img loading=\"lazy\" decoding=\"async\" class=\"aligncenter size-medium wp-image-73550\" src=\"http:\/\/www.sudoestehoje.com.br\/novoportal\/wp-content\/uploads\/2018\/07\/CIANO-E-TOM-500x332.jpg\" alt=\"\" width=\"500\" height=\"332\" srcset=\"https:\/\/www.sudoestehoje.com.br\/novoportal\/wp-content\/uploads\/2018\/07\/CIANO-E-TOM-500x332.jpg 500w, https:\/\/www.sudoestehoje.com.br\/novoportal\/wp-content\/uploads\/2018\/07\/CIANO-E-TOM-768x510.jpg 768w, https:\/\/www.sudoestehoje.com.br\/novoportal\/wp-content\/uploads\/2018\/07\/CIANO-E-TOM-700x464.jpg 700w, https:\/\/www.sudoestehoje.com.br\/novoportal\/wp-content\/uploads\/2018\/07\/CIANO-E-TOM.jpg 960w\" sizes=\"auto, (max-width: 500px) 100vw, 500px\" \/><\/a><\/p>\n<p>Pastor Tom e Ciano Filho selam alian\u00e7a e devem conquistar votos evang\u00e9licos Foi selada em culto na Igreja do Evangelho Quadrangular de Vit\u00f3ria da Conquista a alian\u00e7a pol\u00edtico-eleitoral entre o vereador de Feira de Santana e pr\u00e9-candidato a deputado estadual, Pastor Tom, e o pr\u00e9-candidato a deputado federal Ciano Filho.<\/p>\n<p>A alian\u00e7a foi afian\u00e7ada pelo Vice-Superintendente da Igreja do Evangelho Quadrangular e reverendo Edson Vieira. A escolha de Ciano Filho e Pastor Tom \u00e9 fruto de uma decis\u00e3o da superintend\u00eancia nacional e estadual da igreja. Ciano Filho, que \u00e9 membro da igreja, afirmou que sua pr\u00e9-candidatura ganhou mais f\u00f4lego em Vit\u00f3ria da Conquista e regi\u00e3o ap\u00f3s esta costura com o Pastor Tom.\u00a0<em> \u201cEstou feliz por ter ao meu lado algu\u00e9m com a bagagem dele, um vereador exemplar, que conhece as necessidades das pessoas e que tem um trabalho tr\u00eas vezes reconhecido pelo eleitorado de sua cidade natal\u201d<\/em>, disse.\u00a0Segundo Ciano Filho, o apoio da igreja s\u00f3 aumenta a sua responsabilidade. <em>\u201cMe sinto lisonjeado e honrado, mas sobretudo feliz com este apoio\u201d.<\/em><\/p>\n<p>Em entrevista, o Pastor Tom discorreu sobre a alian\u00e7a com Ciano Filho e afirmou que juntos eles alcan\u00e7ar\u00e3o centenas de munic\u00edpios baianos. Parlamentar de tr\u00eas mandatos, ele teceu elogios ao novo parceiro eleitoral e demonstrou estar disposto a correr os sert\u00f5es em busca de apoios.<\/p>\n<p>\u201cCiano \u00e9 um jovem de futuro, trabalhador reconhecido pela sua comunidade, que constituiu uma marca pr\u00f3pria, \u00e9 ficha limpa acima de tudo, e n\u00e3o tenho d\u00favida que Vit\u00f3ria da Conquista j\u00e1 o havia abra\u00e7ado e agora muito mais com o apoio da Igreja do Evangelho Quadrangular aqui da cidade e das cidades circunvizinhas\u201d.<\/p>\n<p><span style=\"color: #0000ff;\"><strong><em>Leia a entrevista na \u00edntegra &gt;&gt;&gt;&gt;<\/em><\/strong><\/span><\/p>\n<p><!--more--><\/p>\n<p>Pastor Tom, fale um pouco sobre esta alian\u00e7a com Ciano Filho.<\/p>\n<p>Tom: Primeiro, quero agradecer a Deus pela oportunidade que voc\u00ea est\u00e1 me dando de falar com esse povo maravilhoso da Regi\u00e3o Sudoeste, que est\u00e1 no nosso cora\u00e7\u00e3o. Em minha vis\u00e3o, tudo que acontece em minha vida \u00e9 porque tem a permiss\u00e3o de Deus. Ent\u00e3o, esta uni\u00e3o com Ciano Filho foi uma unidade que primeiro teve a ben\u00e7\u00e3o de Deus, por isso estamos caminhando juntos. Ciano \u00e9 um jovem de futuro, trabalhador reconhecido pela sua comunidade, que constituiu uma marca pr\u00f3pria, \u00e9 ficha limpa acima de tudo, e n\u00e3o tenho d\u00favida que Vit\u00f3ria da Conquista j\u00e1 o havia abra\u00e7ado e agora muito mais com o apoio da Igreja do Evangelho Quadrangular aqui da cidade e das cidades circunvizinhas.<\/p>\n<p>Como ser\u00e1 o roteiro de voc\u00eas dois na regi\u00e3o?<\/p>\n<p>Eu acho que neste momento agora \u00e9 de fazer muita visita. Estamos visitando muito, vendo a demanda das localidades. Estou junto com Ciano Filho identificando as demandas, conversando com lideran\u00e7as religiosas, empresariais, comerciantes, associa\u00e7\u00f5es, l\u00edderes de bairros, enfim. Temos inclusive tido sucesso nesta articula\u00e7\u00e3o na pr\u00e9-campanha e pretendemos ampliar os apoios no per\u00edodo eleitoral.<\/p>\n<p>Em quantos munic\u00edpios voc\u00eas devem atuar juntos?<\/p>\n<p>Olhe, vou falar de minha pessoa: a nossa igreja teve a oportunidade de ser votada em mais de 300 munic\u00edpios. Ent\u00e3o, essa alian\u00e7a com Ciano Filho \u00e9 para isto. No caso da Regi\u00e3o Sudoeste, inclusive, \u00e9 ele quem melhor pode responder, pois ele j\u00e1 mapeou a regi\u00e3o e conhece muitas lideran\u00e7as importantes.<\/p>\n<p>E Feira de Santana, sua terra, como est\u00e1?<\/p>\n<p>Terra boa, maravilhosa, que me fez vereador por tr\u00eas mandatos, vice-presidente duas vezes do legislativo, l\u00edder do governo, cidade onde meu umbigo est\u00e1 enterrado, a gente tem trabalhado muito pela cidade.<\/p>\n<p>E Jos\u00e9 Ronaldo, como est\u00e1 vendo a candidatura dele?<\/p>\n<p>Meu voto \u00e9 declarado, n\u00e3o costumo ficar encima do muro. Toda minha campanha, toda minha jornada pol\u00edtica \u00e9 feita encima da verdade, n\u00e3o falo nada para agradar ningu\u00e9m. Meu nome para governador do Estado \u00e9 Jos\u00e9 Ronaldo de Carvalho, um nome leve, ficha limpa. Foi prefeito de Feira quatro vezes, indicou seu sucessor e ganhou, ent\u00e3o um homem vitorioso. Quem ganha \u00e9 a Bahia.<\/p>\n<p>Para governar n\u00e3o vejo outro melhor: habilidade, intelig\u00eancia, prud\u00eancia e governando para o povo. No plano federal, qual sua posi\u00e7\u00e3o para presidente?<\/p>\n<p>J\u00e1 est\u00e3o acontecendo muitos movimentos. O meu voto estou analisando. Pretendo votar naquele homem que venha a defender os princ\u00edpios da f\u00e9, da fam\u00edlia e das igrejas. Quem ama a fam\u00edlia e a Deus vai administrar bem. Ent\u00e3o, estou estudando. Quero deixar bem claro que n\u00e3o voto em pol\u00edtico com o nome envolvido em corrup\u00e7\u00e3o. Vejo Bolsonaro como um grande nome, defendendo a\u00ed. Ent\u00e3o, tem um pastor do Rio de Janeiro, que pode ser candidato, e meu voto ser\u00e1 para um desses dois.<\/p>\n","protected":false},"excerpt":{"rendered":"<p>Pastor Tom e Ciano Filho selam alian\u00e7a e devem conquistar votos evang\u00e9licos Foi selada em culto na Igreja do Evangelho Quadrangular de Vit\u00f3ria da Conquista a alian\u00e7a pol\u00edtico-eleitoral entre o vereador de Feira de Santana e pr\u00e9-candidato a deputado estadual, Pastor Tom, e o pr\u00e9-candidato a deputado federal Ciano Filho. A alian\u00e7a foi afian\u00e7ada pelo [&hellip;]<\/p>\n","protected":false},"author":2,"featured_media":73550,"comment_status":"open","ping_status":"open","sticky":false,"template":"","format":"standard","meta":{"footnotes":"","_links_to":"","_links_to_target":""},"categories":[1],"tags":[],"class_list":["post-73547","post","type-post","status-publish","format-standard","has-post-thumbnail","hentry","category-geral"],"views":1091,"_links":{"self":[{"href":"https:\/\/www.sudoestehoje.com.br\/novoportal\/wp-json\/wp\/v2\/posts\/73547","targetHints":{"allow":["GET"]}}],"collection":[{"href":"https:\/\/www.sudoestehoje.com.br\/novoportal\/wp-json\/wp\/v2\/posts"}],"about":[{"href":"https:\/\/www.sudoestehoje.com.br\/novoportal\/wp-json\/wp\/v2\/types\/post"}],"author":[{"embeddable":true,"href":"https:\/\/www.sudoestehoje.com.br\/novoportal\/wp-json\/wp\/v2\/users\/2"}],"replies":[{"embeddable":true,"href":"https:\/\/www.sudoestehoje.com.br\/novoportal\/wp-json\/wp\/v2\/comments?post=73547"}],"version-history":[{"count":3,"href":"https:\/\/www.sudoestehoje.com.br\/novoportal\/wp-json\/wp\/v2\/posts\/73547\/revisions"}],"predecessor-version":[{"id":73551,"href":"https:\/\/www.sudoestehoje.com.br\/novoportal\/wp-json\/wp\/v2\/posts\/73547\/revisions\/73551"}],"wp:featuredmedia":[{"embeddable":true,"href":"https:\/\/www.sudoestehoje.com.br\/novoportal\/wp-json\/wp\/v2\/media\/73550"}],"wp:attachment":[{"href":"https:\/\/www.sudoestehoje.com.br\/novoportal\/wp-json\/wp\/v2\/media?parent=73547"}],"wp:term":[{"taxonomy":"category","embeddable":true,"href":"https:\/\/www.sudoestehoje.com.br\/novoportal\/wp-json\/wp\/v2\/categories?post=73547"},{"taxonomy":"post_tag","embeddable":true,"href":"https:\/\/www.sudoestehoje.com.br\/novoportal\/wp-json\/wp\/v2\/tags?post=73547"}],"curies":[{"name":"wp","href":"https:\/\/api.w.org\/{rel}","templated":true}]}}