
{"id":73530,"date":"2018-07-16T10:40:36","date_gmt":"2018-07-16T13:40:36","guid":{"rendered":"http:\/\/www.sudoestehoje.com.br\/novoportal\/?p=73530"},"modified":"2018-07-16T10:40:36","modified_gmt":"2018-07-16T13:40:36","slug":"advogado-de-eunapolis-esta-desaparecido-desde-a-ultima-quarta-feira","status":"publish","type":"post","link":"https:\/\/www.sudoestehoje.com.br\/novoportal\/2018\/07\/16\/advogado-de-eunapolis-esta-desaparecido-desde-a-ultima-quarta-feira\/","title":{"rendered":"ADVOGADO DE EUN\u00c1POLIS EST\u00c1 DESAPARECIDO DESDE A \u00daLTIMA QUARTA-FEIRA"},"content":{"rendered":"<p><a href=\"http:\/\/www.sudoestehoje.com.br\/novoportal\/wp-content\/uploads\/2018\/07\/ADV.jpg\"><img loading=\"lazy\" decoding=\"async\" class=\"aligncenter size-medium wp-image-73531\" src=\"http:\/\/www.sudoestehoje.com.br\/novoportal\/wp-content\/uploads\/2018\/07\/ADV-500x431.jpg\" alt=\"\" width=\"500\" height=\"431\" srcset=\"https:\/\/www.sudoestehoje.com.br\/novoportal\/wp-content\/uploads\/2018\/07\/ADV-500x431.jpg 500w, https:\/\/www.sudoestehoje.com.br\/novoportal\/wp-content\/uploads\/2018\/07\/ADV-768x661.jpg 768w, https:\/\/www.sudoestehoje.com.br\/novoportal\/wp-content\/uploads\/2018\/07\/ADV-700x603.jpg 700w, https:\/\/www.sudoestehoje.com.br\/novoportal\/wp-content\/uploads\/2018\/07\/ADV.jpg 1000w\" sizes=\"auto, (max-width: 500px) 100vw, 500px\" \/><\/a><\/p>\n<p>Fernando Melo Miranda de Oliveira de 23 anos, advogado, morador da cidade de Eun\u00e1polis, est\u00e1 desaparecido desde quarta-feira (11). Familiares informaram que Fernando foi visto pela \u00faltima vez por volta das 13h daquele dia, na Avenida Duque de Caxias, Centro da cidade, mesma Avenida do apartamento em que ele reside sozinho, e estaria trajando camiseta branca, bermuda e chinelos.<\/p>\n<p>O registro do desaparecimento do advogado foi feito na Delegacia de Eun\u00e1polis na sexta-feira (13), mas a fam\u00edlia informou que at\u00e9 a noite deste domingo (15), n\u00e3o conseguiu contato com Fernando.<\/p>\n<p>De acordo informa\u00e7\u00f5es, Fernando mora sozinho h\u00e1 cerca de 4 meses e n\u00e3o tem o h\u00e1bito de ficar muito tempo sem entrar em contato com a fam\u00edlia. O celular do rapaz esta desligado, segundo informa\u00e7\u00f5es de parentes.<\/p>\n<p>Familiares e amigos j\u00e1 procuraram por Fernando em hospitais, no IML, em casas de amigos e parentes, e em locais que ele costuma frequentar, mas at\u00e9 agora n\u00e3o tiveram sucesso. A m\u00e3e de Fernando, Karem, esteve no apartamento onde o filho mora e disse que todos os pertences dele, inclusive o Notebook, est\u00e3o no apartamento.<\/p>\n<p>Quem tiver qualquer tipo de informa\u00e7\u00e3o sobre a localiza\u00e7\u00e3o de Fernando, pode entrar em contato com a Delegacia de Eun\u00e1polis, pelo telefone\u00a0<strong>(73) 3281-3695<\/strong>, pelo\u00a0<strong>190<\/strong>\u00a0ou at\u00e9 mesmo com a fam\u00edlia pelos n\u00fameros\u00a0<strong>(73) 98187-8315 ou (73) 98121-1092.<\/strong><\/p>\n","protected":false},"excerpt":{"rendered":"<p>Fernando Melo Miranda de Oliveira de 23 anos, advogado, morador da cidade de Eun\u00e1polis, est\u00e1 desaparecido desde quarta-feira (11). Familiares informaram que Fernando foi visto pela \u00faltima vez por volta das 13h daquele dia, na Avenida Duque de Caxias, Centro da cidade, mesma Avenida do apartamento em que ele reside sozinho, e estaria trajando camiseta [&hellip;]<\/p>\n","protected":false},"author":2,"featured_media":73531,"comment_status":"open","ping_status":"open","sticky":false,"template":"","format":"standard","meta":{"footnotes":"","_links_to":"","_links_to_target":""},"categories":[1],"tags":[],"class_list":["post-73530","post","type-post","status-publish","format-standard","has-post-thumbnail","hentry","category-geral"],"views":1256,"_links":{"self":[{"href":"https:\/\/www.sudoestehoje.com.br\/novoportal\/wp-json\/wp\/v2\/posts\/73530","targetHints":{"allow":["GET"]}}],"collection":[{"href":"https:\/\/www.sudoestehoje.com.br\/novoportal\/wp-json\/wp\/v2\/posts"}],"about":[{"href":"https:\/\/www.sudoestehoje.com.br\/novoportal\/wp-json\/wp\/v2\/types\/post"}],"author":[{"embeddable":true,"href":"https:\/\/www.sudoestehoje.com.br\/novoportal\/wp-json\/wp\/v2\/users\/2"}],"replies":[{"embeddable":true,"href":"https:\/\/www.sudoestehoje.com.br\/novoportal\/wp-json\/wp\/v2\/comments?post=73530"}],"version-history":[{"count":2,"href":"https:\/\/www.sudoestehoje.com.br\/novoportal\/wp-json\/wp\/v2\/posts\/73530\/revisions"}],"predecessor-version":[{"id":73533,"href":"https:\/\/www.sudoestehoje.com.br\/novoportal\/wp-json\/wp\/v2\/posts\/73530\/revisions\/73533"}],"wp:featuredmedia":[{"embeddable":true,"href":"https:\/\/www.sudoestehoje.com.br\/novoportal\/wp-json\/wp\/v2\/media\/73531"}],"wp:attachment":[{"href":"https:\/\/www.sudoestehoje.com.br\/novoportal\/wp-json\/wp\/v2\/media?parent=73530"}],"wp:term":[{"taxonomy":"category","embeddable":true,"href":"https:\/\/www.sudoestehoje.com.br\/novoportal\/wp-json\/wp\/v2\/categories?post=73530"},{"taxonomy":"post_tag","embeddable":true,"href":"https:\/\/www.sudoestehoje.com.br\/novoportal\/wp-json\/wp\/v2\/tags?post=73530"}],"curies":[{"name":"wp","href":"https:\/\/api.w.org\/{rel}","templated":true}]}}