
{"id":73527,"date":"2018-07-15T23:50:00","date_gmt":"2018-07-16T02:50:00","guid":{"rendered":"http:\/\/www.sudoestehoje.com.br\/novoportal\/?p=73527"},"modified":"2018-07-15T23:50:00","modified_gmt":"2018-07-16T02:50:00","slug":"juiz-baiano-obriga-escolas-a-executarem-o-hino-nacional-sob-pena-de-multa","status":"publish","type":"post","link":"https:\/\/www.sudoestehoje.com.br\/novoportal\/2018\/07\/15\/juiz-baiano-obriga-escolas-a-executarem-o-hino-nacional-sob-pena-de-multa\/","title":{"rendered":"JUIZ BAIANO OBRIGA ESCOLAS A EXECUTAREM O HINO NACIONAL SOB PENA DE MULTA"},"content":{"rendered":"<p><a href=\"http:\/\/www.sudoestehoje.com.br\/novoportal\/wp-content\/uploads\/2018\/07\/juiz.jpg\"><img loading=\"lazy\" decoding=\"async\" class=\"aligncenter size-medium wp-image-73528\" src=\"http:\/\/www.sudoestehoje.com.br\/novoportal\/wp-content\/uploads\/2018\/07\/juiz-500x368.jpg\" alt=\"\" width=\"500\" height=\"368\" srcset=\"https:\/\/www.sudoestehoje.com.br\/novoportal\/wp-content\/uploads\/2018\/07\/juiz-500x368.jpg 500w, https:\/\/www.sudoestehoje.com.br\/novoportal\/wp-content\/uploads\/2018\/07\/juiz-768x566.jpg 768w, https:\/\/www.sudoestehoje.com.br\/novoportal\/wp-content\/uploads\/2018\/07\/juiz-700x516.jpg 700w, https:\/\/www.sudoestehoje.com.br\/novoportal\/wp-content\/uploads\/2018\/07\/juiz.jpg 820w\" sizes=\"auto, (max-width: 500px) 100vw, 500px\" \/><\/a><\/p>\n<p>Um of\u00edcio emitido pelo juiz\u00a0Jos\u00e9 de Souza Brand\u00e3o Netto, da comarca de Olindina, determinou\u00a0o cumprimento da Lei 5.700\/71, lei dos s\u00edmbolos nacionais e a aplica\u00e7\u00e3o de multa para as escolas dos munic\u00edpios de Cris\u00f3polis e Olindina, caso o hino nacional n\u00e3o seja executava uma vez por semana.<\/p>\n<p><em>\u201cA lei federal determina que haja execu\u00e7\u00e3o do hino uma vez por semana nas escolas p\u00fablicas e privadas. Isso j\u00e1 foi comunicado para a Secretaria de Educa\u00e7\u00e3o e agora os agentes de Prote\u00e7\u00e3o da Inf\u00e2ncia e Juventude v\u00e3o investigar se isso est\u00e1 acontecendo\u201d<\/em>, afirmou o juiz, que j\u00e1 havia determinado o mesmo of\u00edcio em outras comarcas do Estado.<\/p>\n","protected":false},"excerpt":{"rendered":"<p>Um of\u00edcio emitido pelo juiz\u00a0Jos\u00e9 de Souza Brand\u00e3o Netto, da comarca de Olindina, determinou\u00a0o cumprimento da Lei 5.700\/71, lei dos s\u00edmbolos nacionais e a aplica\u00e7\u00e3o de multa para as escolas dos munic\u00edpios de Cris\u00f3polis e Olindina, caso o hino nacional n\u00e3o seja executava uma vez por semana. \u201cA lei federal determina que haja execu\u00e7\u00e3o do [&hellip;]<\/p>\n","protected":false},"author":2,"featured_media":73528,"comment_status":"open","ping_status":"open","sticky":false,"template":"","format":"standard","meta":{"footnotes":"","_links_to":"","_links_to_target":""},"categories":[1],"tags":[],"class_list":["post-73527","post","type-post","status-publish","format-standard","has-post-thumbnail","hentry","category-geral"],"views":1096,"_links":{"self":[{"href":"https:\/\/www.sudoestehoje.com.br\/novoportal\/wp-json\/wp\/v2\/posts\/73527","targetHints":{"allow":["GET"]}}],"collection":[{"href":"https:\/\/www.sudoestehoje.com.br\/novoportal\/wp-json\/wp\/v2\/posts"}],"about":[{"href":"https:\/\/www.sudoestehoje.com.br\/novoportal\/wp-json\/wp\/v2\/types\/post"}],"author":[{"embeddable":true,"href":"https:\/\/www.sudoestehoje.com.br\/novoportal\/wp-json\/wp\/v2\/users\/2"}],"replies":[{"embeddable":true,"href":"https:\/\/www.sudoestehoje.com.br\/novoportal\/wp-json\/wp\/v2\/comments?post=73527"}],"version-history":[{"count":1,"href":"https:\/\/www.sudoestehoje.com.br\/novoportal\/wp-json\/wp\/v2\/posts\/73527\/revisions"}],"predecessor-version":[{"id":73529,"href":"https:\/\/www.sudoestehoje.com.br\/novoportal\/wp-json\/wp\/v2\/posts\/73527\/revisions\/73529"}],"wp:featuredmedia":[{"embeddable":true,"href":"https:\/\/www.sudoestehoje.com.br\/novoportal\/wp-json\/wp\/v2\/media\/73528"}],"wp:attachment":[{"href":"https:\/\/www.sudoestehoje.com.br\/novoportal\/wp-json\/wp\/v2\/media?parent=73527"}],"wp:term":[{"taxonomy":"category","embeddable":true,"href":"https:\/\/www.sudoestehoje.com.br\/novoportal\/wp-json\/wp\/v2\/categories?post=73527"},{"taxonomy":"post_tag","embeddable":true,"href":"https:\/\/www.sudoestehoje.com.br\/novoportal\/wp-json\/wp\/v2\/tags?post=73527"}],"curies":[{"name":"wp","href":"https:\/\/api.w.org\/{rel}","templated":true}]}}