
{"id":73523,"date":"2018-07-15T15:39:34","date_gmt":"2018-07-15T18:39:34","guid":{"rendered":"http:\/\/www.sudoestehoje.com.br\/novoportal\/?p=73523"},"modified":"2018-07-15T23:40:14","modified_gmt":"2018-07-16T02:40:14","slug":"franca-conquista-o-bi-derrotando-a-forte-selecao-da-croacia-por-4-a-2","status":"publish","type":"post","link":"https:\/\/www.sudoestehoje.com.br\/novoportal\/2018\/07\/15\/franca-conquista-o-bi-derrotando-a-forte-selecao-da-croacia-por-4-a-2\/","title":{"rendered":"FRAN\u00c7A CONQUISTA O BI DERROTANDO A FORTE SELE\u00c7\u00c3O DA CRO\u00c1CIA POR 4 A 2"},"content":{"rendered":"<p><a href=\"http:\/\/www.sudoestehoje.com.br\/novoportal\/wp-content\/uploads\/2018\/07\/FRAN\u00c7A.jpg\"><img loading=\"lazy\" decoding=\"async\" class=\"aligncenter size-medium wp-image-73525\" src=\"http:\/\/www.sudoestehoje.com.br\/novoportal\/wp-content\/uploads\/2018\/07\/FRAN\u00c7A-500x290.jpg\" alt=\"\" width=\"500\" height=\"290\" srcset=\"https:\/\/www.sudoestehoje.com.br\/novoportal\/wp-content\/uploads\/2018\/07\/FRAN\u00c7A-500x290.jpg 500w, https:\/\/www.sudoestehoje.com.br\/novoportal\/wp-content\/uploads\/2018\/07\/FRAN\u00c7A-768x446.jpg 768w, https:\/\/www.sudoestehoje.com.br\/novoportal\/wp-content\/uploads\/2018\/07\/FRAN\u00c7A-700x406.jpg 700w, https:\/\/www.sudoestehoje.com.br\/novoportal\/wp-content\/uploads\/2018\/07\/FRAN\u00c7A.jpg 980w\" sizes=\"auto, (max-width: 500px) 100vw, 500px\" \/><\/a><\/p>\n<p>Em 1998 a Fran\u00e7a ganhava sua primeira Copa do Mundo em uma final contra o Brasil onde imp\u00f4s sua absoluta superioridade. Vinte anos depois, os azuis conquistam seu segundo t\u00edtulo da mesma forma contundente ao golear a Cro\u00e1cia por 4 a 2 no\u00a0Est\u00e1dio de Luzhniki<b>\u00a0<\/b>neste domingo (15).<\/p>\n<p>Com gols de Mandzukic (contra), Griezmann, Pogba e Mbappe, a Fran\u00e7a demonstrou sua for\u00e7a contra uma valente Cro\u00e1cia, que chegou a empatar o jogo com Perisic no primeiro tempo, mas sucumbiu e apenas descontou com Mandzuki em falha absurda do goleiro Lloris.<\/p>\n<p>Com o t\u00edtulo, a Fran\u00e7a se junta a Uruguai (1930 e 1950) e Argentina (1978 e 1986) no grupo dos bicampe\u00f5es da Copa do Mundo.<\/p>\n","protected":false},"excerpt":{"rendered":"<p>Em 1998 a Fran\u00e7a ganhava sua primeira Copa do Mundo em uma final contra o Brasil onde imp\u00f4s sua absoluta superioridade. Vinte anos depois, os azuis conquistam seu segundo t\u00edtulo da mesma forma contundente ao golear a Cro\u00e1cia por 4 a 2 no\u00a0Est\u00e1dio de Luzhniki\u00a0neste domingo (15). Com gols de Mandzukic (contra), Griezmann, Pogba e [&hellip;]<\/p>\n","protected":false},"author":2,"featured_media":73525,"comment_status":"open","ping_status":"open","sticky":false,"template":"","format":"standard","meta":{"footnotes":"","_links_to":"","_links_to_target":""},"categories":[1],"tags":[],"class_list":["post-73523","post","type-post","status-publish","format-standard","has-post-thumbnail","hentry","category-geral"],"views":941,"_links":{"self":[{"href":"https:\/\/www.sudoestehoje.com.br\/novoportal\/wp-json\/wp\/v2\/posts\/73523","targetHints":{"allow":["GET"]}}],"collection":[{"href":"https:\/\/www.sudoestehoje.com.br\/novoportal\/wp-json\/wp\/v2\/posts"}],"about":[{"href":"https:\/\/www.sudoestehoje.com.br\/novoportal\/wp-json\/wp\/v2\/types\/post"}],"author":[{"embeddable":true,"href":"https:\/\/www.sudoestehoje.com.br\/novoportal\/wp-json\/wp\/v2\/users\/2"}],"replies":[{"embeddable":true,"href":"https:\/\/www.sudoestehoje.com.br\/novoportal\/wp-json\/wp\/v2\/comments?post=73523"}],"version-history":[{"count":2,"href":"https:\/\/www.sudoestehoje.com.br\/novoportal\/wp-json\/wp\/v2\/posts\/73523\/revisions"}],"predecessor-version":[{"id":73526,"href":"https:\/\/www.sudoestehoje.com.br\/novoportal\/wp-json\/wp\/v2\/posts\/73523\/revisions\/73526"}],"wp:featuredmedia":[{"embeddable":true,"href":"https:\/\/www.sudoestehoje.com.br\/novoportal\/wp-json\/wp\/v2\/media\/73525"}],"wp:attachment":[{"href":"https:\/\/www.sudoestehoje.com.br\/novoportal\/wp-json\/wp\/v2\/media?parent=73523"}],"wp:term":[{"taxonomy":"category","embeddable":true,"href":"https:\/\/www.sudoestehoje.com.br\/novoportal\/wp-json\/wp\/v2\/categories?post=73523"},{"taxonomy":"post_tag","embeddable":true,"href":"https:\/\/www.sudoestehoje.com.br\/novoportal\/wp-json\/wp\/v2\/tags?post=73523"}],"curies":[{"name":"wp","href":"https:\/\/api.w.org\/{rel}","templated":true}]}}