
{"id":73518,"date":"2018-07-15T12:38:04","date_gmt":"2018-07-15T15:38:04","guid":{"rendered":"http:\/\/www.sudoestehoje.com.br\/novoportal\/?p=73518"},"modified":"2018-07-15T23:39:28","modified_gmt":"2018-07-16T02:39:28","slug":"sandro-regis-cumpre-agenda-em-itapetinga","status":"publish","type":"post","link":"https:\/\/www.sudoestehoje.com.br\/novoportal\/2018\/07\/15\/sandro-regis-cumpre-agenda-em-itapetinga\/","title":{"rendered":"SANDRO R\u00c9GIS CUMPRE AGENDA EM ITAPETINGA"},"content":{"rendered":"<p><a href=\"http:\/\/www.sudoestehoje.com.br\/novoportal\/wp-content\/uploads\/2018\/07\/sandro-1.jpg\"><img loading=\"lazy\" decoding=\"async\" class=\"aligncenter size-medium wp-image-73519\" src=\"http:\/\/www.sudoestehoje.com.br\/novoportal\/wp-content\/uploads\/2018\/07\/sandro-1-500x281.jpg\" alt=\"\" width=\"500\" height=\"281\" srcset=\"https:\/\/www.sudoestehoje.com.br\/novoportal\/wp-content\/uploads\/2018\/07\/sandro-1-500x281.jpg 500w, https:\/\/www.sudoestehoje.com.br\/novoportal\/wp-content\/uploads\/2018\/07\/sandro-1-768x432.jpg 768w, https:\/\/www.sudoestehoje.com.br\/novoportal\/wp-content\/uploads\/2018\/07\/sandro-1-700x394.jpg 700w, https:\/\/www.sudoestehoje.com.br\/novoportal\/wp-content\/uploads\/2018\/07\/sandro-1.jpg 960w\" sizes=\"auto, (max-width: 500px) 100vw, 500px\" \/><\/a><\/p>\n<p>Neste final de semana, o deputado estadual Sandro Regis (DEM) cumpriu extensa agenda em Itapetinga, ao lado do ex-prefeito Jos\u00e9 Ot\u00e1vio Curvelo, do vice-prefeito Renan Pereira e correligion\u00e1rios.<\/p>\n<p>Acompanhado do ex-deputado estadual Heraldo Rocha, Sandro Regis desembarcou em Itapetinga na sexta-feira e se reuniu com representantes da sociedade civil, onde diversas reivindica\u00e7\u00f5es foram feitas, como a instala\u00e7\u00e3o da Delegacia Especializada no Atendimento da Mulher &#8211; DEAM, e oferta de mais cursos na UESB. O deputado se comprometeu em cobrar do governo do estado, todas as demandas de Itapetinga.<\/p>\n<p>Sandro participou, ainda na sexta, de reuni\u00e3o coordenada pelo vereador Anderson da Nova, cuja pauta foi a gera\u00e7\u00e3o de mais empregos no munic\u00edpio.<\/p>\n<p><a href=\"http:\/\/www.sudoestehoje.com.br\/novoportal\/wp-content\/uploads\/2018\/07\/sandro-2.png\"><img loading=\"lazy\" decoding=\"async\" class=\"aligncenter size-medium wp-image-73520\" src=\"http:\/\/www.sudoestehoje.com.br\/novoportal\/wp-content\/uploads\/2018\/07\/sandro-2-500x375.png\" alt=\"\" width=\"500\" height=\"375\" srcset=\"https:\/\/www.sudoestehoje.com.br\/novoportal\/wp-content\/uploads\/2018\/07\/sandro-2-500x375.png 500w, https:\/\/www.sudoestehoje.com.br\/novoportal\/wp-content\/uploads\/2018\/07\/sandro-2-768x576.png 768w, https:\/\/www.sudoestehoje.com.br\/novoportal\/wp-content\/uploads\/2018\/07\/sandro-2-700x525.png 700w, https:\/\/www.sudoestehoje.com.br\/novoportal\/wp-content\/uploads\/2018\/07\/sandro-2.png 1280w\" sizes=\"auto, (max-width: 500px) 100vw, 500px\" \/><\/a><\/p>\n<p>No s\u00e1bado pela manh\u00e3, o deputado concedeu entrevistas no r\u00e1dio, onde destacou a import\u00e2ncia da sua parceria, em Itapetinga, como o deputado Jos\u00e9 Carlos Aleluia, autor de in\u00fameras emendas parlamentares que beneficiaram o munic\u00edpio. Em seguida a comitiva do Democratas fez uma visita \u00e0 feira-livre de Itapetinga, onde foi bem recepcionada pelos feirantes e comerciantes da Central de Abastecimento.<\/p>\n<p>Finalizando a agenda, o deputado participou de uma reuni\u00e3o pol\u00edtica coordenada pelo vereador Fabiano Bahia, onde recebeu importantes ades\u00f5es \u00e0 sua pr\u00e9-candidatura a deputado estadual.<\/p>\n<p><strong><em>Reda\u00e7\u00e3o\u00a0<\/em> <\/strong><\/p>\n","protected":false},"excerpt":{"rendered":"<p>Neste final de semana, o deputado estadual Sandro Regis (DEM) cumpriu extensa agenda em Itapetinga, ao lado do ex-prefeito Jos\u00e9 Ot\u00e1vio Curvelo, do vice-prefeito Renan Pereira e correligion\u00e1rios. Acompanhado do ex-deputado estadual Heraldo Rocha, Sandro Regis desembarcou em Itapetinga na sexta-feira e se reuniu com representantes da sociedade civil, onde diversas reivindica\u00e7\u00f5es foram feitas, como [&hellip;]<\/p>\n","protected":false},"author":2,"featured_media":73519,"comment_status":"open","ping_status":"open","sticky":false,"template":"","format":"standard","meta":{"footnotes":"","_links_to":"","_links_to_target":""},"categories":[1],"tags":[],"class_list":["post-73518","post","type-post","status-publish","format-standard","has-post-thumbnail","hentry","category-geral"],"views":1137,"_links":{"self":[{"href":"https:\/\/www.sudoestehoje.com.br\/novoportal\/wp-json\/wp\/v2\/posts\/73518","targetHints":{"allow":["GET"]}}],"collection":[{"href":"https:\/\/www.sudoestehoje.com.br\/novoportal\/wp-json\/wp\/v2\/posts"}],"about":[{"href":"https:\/\/www.sudoestehoje.com.br\/novoportal\/wp-json\/wp\/v2\/types\/post"}],"author":[{"embeddable":true,"href":"https:\/\/www.sudoestehoje.com.br\/novoportal\/wp-json\/wp\/v2\/users\/2"}],"replies":[{"embeddable":true,"href":"https:\/\/www.sudoestehoje.com.br\/novoportal\/wp-json\/wp\/v2\/comments?post=73518"}],"version-history":[{"count":2,"href":"https:\/\/www.sudoestehoje.com.br\/novoportal\/wp-json\/wp\/v2\/posts\/73518\/revisions"}],"predecessor-version":[{"id":73522,"href":"https:\/\/www.sudoestehoje.com.br\/novoportal\/wp-json\/wp\/v2\/posts\/73518\/revisions\/73522"}],"wp:featuredmedia":[{"embeddable":true,"href":"https:\/\/www.sudoestehoje.com.br\/novoportal\/wp-json\/wp\/v2\/media\/73519"}],"wp:attachment":[{"href":"https:\/\/www.sudoestehoje.com.br\/novoportal\/wp-json\/wp\/v2\/media?parent=73518"}],"wp:term":[{"taxonomy":"category","embeddable":true,"href":"https:\/\/www.sudoestehoje.com.br\/novoportal\/wp-json\/wp\/v2\/categories?post=73518"},{"taxonomy":"post_tag","embeddable":true,"href":"https:\/\/www.sudoestehoje.com.br\/novoportal\/wp-json\/wp\/v2\/tags?post=73518"}],"curies":[{"name":"wp","href":"https:\/\/api.w.org\/{rel}","templated":true}]}}