
{"id":73490,"date":"2018-07-14T13:55:44","date_gmt":"2018-07-14T16:55:44","guid":{"rendered":"http:\/\/www.sudoestehoje.com.br\/novoportal\/?p=73490"},"modified":"2018-07-14T13:55:44","modified_gmt":"2018-07-14T16:55:44","slug":"antonio-brito-recebe-titulo-de-cidadania-no-municipio-de-ribeira-do-pombal","status":"publish","type":"post","link":"https:\/\/www.sudoestehoje.com.br\/novoportal\/2018\/07\/14\/antonio-brito-recebe-titulo-de-cidadania-no-municipio-de-ribeira-do-pombal\/","title":{"rendered":"ANT\u00d4NIO BRITO RECEBE T\u00cdTULO DE CIDADANIA NO MUNIC\u00cdPIO DE RIBEIRA DO POMBAL"},"content":{"rendered":"<p><a href=\"http:\/\/www.sudoestehoje.com.br\/novoportal\/wp-content\/uploads\/2018\/07\/brito-em-pombal.jpg\"><img loading=\"lazy\" decoding=\"async\" class=\"aligncenter size-medium wp-image-73491\" src=\"http:\/\/www.sudoestehoje.com.br\/novoportal\/wp-content\/uploads\/2018\/07\/brito-em-pombal-500x500.jpg\" alt=\"\" width=\"500\" height=\"500\" srcset=\"https:\/\/www.sudoestehoje.com.br\/novoportal\/wp-content\/uploads\/2018\/07\/brito-em-pombal-500x500.jpg 500w, https:\/\/www.sudoestehoje.com.br\/novoportal\/wp-content\/uploads\/2018\/07\/brito-em-pombal-150x150.jpg 150w, https:\/\/www.sudoestehoje.com.br\/novoportal\/wp-content\/uploads\/2018\/07\/brito-em-pombal-768x768.jpg 768w, https:\/\/www.sudoestehoje.com.br\/novoportal\/wp-content\/uploads\/2018\/07\/brito-em-pombal-700x700.jpg 700w, https:\/\/www.sudoestehoje.com.br\/novoportal\/wp-content\/uploads\/2018\/07\/brito-em-pombal.jpg 960w\" sizes=\"auto, (max-width: 500px) 100vw, 500px\" \/><\/a><\/p>\n<p>Na noite desta sexta-feira (13), o deputado federal Ant\u00f4nio Brito foi homenageado com o T\u00edtulo de Cidad\u00e3o de Ribeira do Pombal, concedido pela C\u00e2mara Municipal. A homenagem foi proposta pelo vereador F\u00e1bio Rodrigues e aprovada por unanimidade pelos edis. A honraria foi motivada pelos servi\u00e7os que o deputado prestou para a cidade, sobretudo no apoio \u00e0 Sa\u00fade local.<\/p>\n<p>Na mesma noite, Brito tamb\u00e9m foi homenageado pelo Sindicato Regional dos Agentes Comunit\u00e1rios de Sa\u00fade e de Combate \u00e0s Endemias com uma placa, entregue pela presidente Maria Arag\u00e3o, pela atua\u00e7\u00e3o, no Congresso Nacional, em prol da categoria.<\/p>\n<p>Estiveram presentes na solenidade prefeitos, vereadores, profissionais da sa\u00fade e lideran\u00e7as pol\u00edticas e sociais da regi\u00e3o.<\/p>\n","protected":false},"excerpt":{"rendered":"<p>Na noite desta sexta-feira (13), o deputado federal Ant\u00f4nio Brito foi homenageado com o T\u00edtulo de Cidad\u00e3o de Ribeira do Pombal, concedido pela C\u00e2mara Municipal. A homenagem foi proposta pelo vereador F\u00e1bio Rodrigues e aprovada por unanimidade pelos edis. A honraria foi motivada pelos servi\u00e7os que o deputado prestou para a cidade, sobretudo no apoio [&hellip;]<\/p>\n","protected":false},"author":2,"featured_media":73491,"comment_status":"open","ping_status":"open","sticky":false,"template":"","format":"standard","meta":{"footnotes":"","_links_to":"","_links_to_target":""},"categories":[1],"tags":[],"class_list":["post-73490","post","type-post","status-publish","format-standard","has-post-thumbnail","hentry","category-geral"],"views":1061,"_links":{"self":[{"href":"https:\/\/www.sudoestehoje.com.br\/novoportal\/wp-json\/wp\/v2\/posts\/73490","targetHints":{"allow":["GET"]}}],"collection":[{"href":"https:\/\/www.sudoestehoje.com.br\/novoportal\/wp-json\/wp\/v2\/posts"}],"about":[{"href":"https:\/\/www.sudoestehoje.com.br\/novoportal\/wp-json\/wp\/v2\/types\/post"}],"author":[{"embeddable":true,"href":"https:\/\/www.sudoestehoje.com.br\/novoportal\/wp-json\/wp\/v2\/users\/2"}],"replies":[{"embeddable":true,"href":"https:\/\/www.sudoestehoje.com.br\/novoportal\/wp-json\/wp\/v2\/comments?post=73490"}],"version-history":[{"count":3,"href":"https:\/\/www.sudoestehoje.com.br\/novoportal\/wp-json\/wp\/v2\/posts\/73490\/revisions"}],"predecessor-version":[{"id":73494,"href":"https:\/\/www.sudoestehoje.com.br\/novoportal\/wp-json\/wp\/v2\/posts\/73490\/revisions\/73494"}],"wp:featuredmedia":[{"embeddable":true,"href":"https:\/\/www.sudoestehoje.com.br\/novoportal\/wp-json\/wp\/v2\/media\/73491"}],"wp:attachment":[{"href":"https:\/\/www.sudoestehoje.com.br\/novoportal\/wp-json\/wp\/v2\/media?parent=73490"}],"wp:term":[{"taxonomy":"category","embeddable":true,"href":"https:\/\/www.sudoestehoje.com.br\/novoportal\/wp-json\/wp\/v2\/categories?post=73490"},{"taxonomy":"post_tag","embeddable":true,"href":"https:\/\/www.sudoestehoje.com.br\/novoportal\/wp-json\/wp\/v2\/tags?post=73490"}],"curies":[{"name":"wp","href":"https:\/\/api.w.org\/{rel}","templated":true}]}}