
{"id":73467,"date":"2018-07-12T22:45:14","date_gmt":"2018-07-13T01:45:14","guid":{"rendered":"http:\/\/www.sudoestehoje.com.br\/novoportal\/?p=73467"},"modified":"2018-07-12T22:47:49","modified_gmt":"2018-07-13T01:47:49","slug":"salario-minimo-para-2019-tera-reajuste-de-44-e-ganho-real-de-apenas-04","status":"publish","type":"post","link":"https:\/\/www.sudoestehoje.com.br\/novoportal\/2018\/07\/12\/salario-minimo-para-2019-tera-reajuste-de-44-e-ganho-real-de-apenas-04\/","title":{"rendered":"SAL\u00c1RIO M\u00cdNIMO PARA 2019 TER\u00c1 REAJUSTE DE 4,6% E GANHO REAL DE APENAS 0,4%"},"content":{"rendered":"<p><a href=\"http:\/\/www.sudoestehoje.com.br\/novoportal\/wp-content\/uploads\/2018\/07\/salario-minimo-2019.jpg\"><img loading=\"lazy\" decoding=\"async\" class=\"aligncenter size-medium wp-image-73469\" src=\"http:\/\/www.sudoestehoje.com.br\/novoportal\/wp-content\/uploads\/2018\/07\/salario-minimo-2019-500x263.jpg\" alt=\"\" width=\"500\" height=\"263\" srcset=\"https:\/\/www.sudoestehoje.com.br\/novoportal\/wp-content\/uploads\/2018\/07\/salario-minimo-2019-500x263.jpg 500w, https:\/\/www.sudoestehoje.com.br\/novoportal\/wp-content\/uploads\/2018\/07\/salario-minimo-2019-768x403.jpg 768w, https:\/\/www.sudoestehoje.com.br\/novoportal\/wp-content\/uploads\/2018\/07\/salario-minimo-2019-700x368.jpg 700w, https:\/\/www.sudoestehoje.com.br\/novoportal\/wp-content\/uploads\/2018\/07\/salario-minimo-2019.jpg 1200w\" sizes=\"auto, (max-width: 500px) 100vw, 500px\" \/><\/a><\/p>\n<p>O sal\u00e1rio m\u00ednimo foi definido em R$ 998 a partir do dia 1\u00ba de janeiro de 2019. O valor integra a\u00a0proposta da Lei de Diretrizes Or\u00e7ament\u00e1rias (LDO),\u00a0<a href=\"http:\/\/bahia.ba\/politica\/congresso-aprova-diretrizes-orcamentarias-para-2019\/\" target=\"_blank\" rel=\"noopener noreferrer\">aprovada pelo Congresso Nacional<\/a>\u00a0na noite desta quarta-feira (11).<\/p>\n<p>O novo vencimento m\u00ednimo ser\u00e1 4,6% superior aos R$ 954 pagos aos trabalhadores neste ano. Como a previs\u00e3o de economistas ouvidos pelo Banco Central para a infla\u00e7\u00e3o deste ano \u00e9 de 4,17%, o novo valor representa ganho real de 0,4% aos trabalhadores.<\/p>\n<p>O texto segue para a san\u00e7\u00e3o presidencial.<\/p>\n","protected":false},"excerpt":{"rendered":"<p>O sal\u00e1rio m\u00ednimo foi definido em R$ 998 a partir do dia 1\u00ba de janeiro de 2019. O valor integra a\u00a0proposta da Lei de Diretrizes Or\u00e7ament\u00e1rias (LDO),\u00a0aprovada pelo Congresso Nacional\u00a0na noite desta quarta-feira (11). O novo vencimento m\u00ednimo ser\u00e1 4,6% superior aos R$ 954 pagos aos trabalhadores neste ano. Como a previs\u00e3o de economistas ouvidos [&hellip;]<\/p>\n","protected":false},"author":2,"featured_media":73469,"comment_status":"open","ping_status":"open","sticky":false,"template":"","format":"standard","meta":{"footnotes":"","_links_to":"","_links_to_target":""},"categories":[1],"tags":[],"class_list":["post-73467","post","type-post","status-publish","format-standard","has-post-thumbnail","hentry","category-geral"],"views":1021,"_links":{"self":[{"href":"https:\/\/www.sudoestehoje.com.br\/novoportal\/wp-json\/wp\/v2\/posts\/73467","targetHints":{"allow":["GET"]}}],"collection":[{"href":"https:\/\/www.sudoestehoje.com.br\/novoportal\/wp-json\/wp\/v2\/posts"}],"about":[{"href":"https:\/\/www.sudoestehoje.com.br\/novoportal\/wp-json\/wp\/v2\/types\/post"}],"author":[{"embeddable":true,"href":"https:\/\/www.sudoestehoje.com.br\/novoportal\/wp-json\/wp\/v2\/users\/2"}],"replies":[{"embeddable":true,"href":"https:\/\/www.sudoestehoje.com.br\/novoportal\/wp-json\/wp\/v2\/comments?post=73467"}],"version-history":[{"count":3,"href":"https:\/\/www.sudoestehoje.com.br\/novoportal\/wp-json\/wp\/v2\/posts\/73467\/revisions"}],"predecessor-version":[{"id":73471,"href":"https:\/\/www.sudoestehoje.com.br\/novoportal\/wp-json\/wp\/v2\/posts\/73467\/revisions\/73471"}],"wp:featuredmedia":[{"embeddable":true,"href":"https:\/\/www.sudoestehoje.com.br\/novoportal\/wp-json\/wp\/v2\/media\/73469"}],"wp:attachment":[{"href":"https:\/\/www.sudoestehoje.com.br\/novoportal\/wp-json\/wp\/v2\/media?parent=73467"}],"wp:term":[{"taxonomy":"category","embeddable":true,"href":"https:\/\/www.sudoestehoje.com.br\/novoportal\/wp-json\/wp\/v2\/categories?post=73467"},{"taxonomy":"post_tag","embeddable":true,"href":"https:\/\/www.sudoestehoje.com.br\/novoportal\/wp-json\/wp\/v2\/tags?post=73467"}],"curies":[{"name":"wp","href":"https:\/\/api.w.org\/{rel}","templated":true}]}}