
{"id":73461,"date":"2018-07-12T21:26:33","date_gmt":"2018-07-13T00:26:33","guid":{"rendered":"http:\/\/www.sudoestehoje.com.br\/novoportal\/?p=73461"},"modified":"2018-07-12T21:26:33","modified_gmt":"2018-07-13T00:26:33","slug":"saiba-quem-sao-os-pre-candidatos-ao-governo-da-bahia-veja-o-perfil-de-cada-um","status":"publish","type":"post","link":"https:\/\/www.sudoestehoje.com.br\/novoportal\/2018\/07\/12\/saiba-quem-sao-os-pre-candidatos-ao-governo-da-bahia-veja-o-perfil-de-cada-um\/","title":{"rendered":"SAIBA QUEM S\u00c3O OS PR\u00c9-CANDIDATOS AO GOVERNO DA BAHIA; VEJA O PERFIL DE CADA UM"},"content":{"rendered":"<div class=\"mc-column content-text active-extra-styles active-capital-letter\" data-block-type=\"unstyled\" data-block-weight=\"35\" data-block-id=\"2\">\n<p class=\"content-text__container theme-color-primary-first-letter\" data-track-category=\"Link no Texto\" data-track-links=\"\"><a href=\"http:\/\/www.sudoestehoje.com.br\/novoportal\/wp-content\/uploads\/2018\/07\/pre-CANDIDATOS.jpg\"><img loading=\"lazy\" decoding=\"async\" class=\"aligncenter size-medium wp-image-73462\" src=\"http:\/\/www.sudoestehoje.com.br\/novoportal\/wp-content\/uploads\/2018\/07\/pre-CANDIDATOS-500x430.jpg\" alt=\"\" width=\"500\" height=\"430\" srcset=\"https:\/\/www.sudoestehoje.com.br\/novoportal\/wp-content\/uploads\/2018\/07\/pre-CANDIDATOS-500x430.jpg 500w, https:\/\/www.sudoestehoje.com.br\/novoportal\/wp-content\/uploads\/2018\/07\/pre-CANDIDATOS.jpg 640w\" sizes=\"auto, (max-width: 500px) 100vw, 500px\" \/><\/a><\/p>\n<p class=\"content-text__container theme-color-primary-first-letter\" data-track-category=\"Link no Texto\" data-track-links=\"\">Cinco partidos j\u00e1 anunciaram seus pr\u00e9-candidatos ao cargo de governador da Bahia para as elei\u00e7\u00f5es de 2018. O\u00a0<strong>G1\u00a0<\/strong>fez uma lista dos nomes e traz, abaixo, o perfil de cada um, por ordem alfab\u00e9tica.<\/p>\n<\/div>\n<div class=\"wall\">\n<div class=\"mc-column content-text active-extra-styles \" data-block-type=\"unstyled\" data-block-weight=\"22\" data-block-id=\"3\">\n<p class=\"content-text__container \" data-track-category=\"Link no Texto\" data-track-links=\"\">O pleito ocorrer\u00e1 no dia 7 de outubro, em primeiro turno, e no dia 28 de outubro, nos casos de segundo turno.<\/p>\n<\/div>\n<div class=\"mc-column content-text active-extra-styles \" data-block-type=\"unstyled\" data-block-weight=\"35\" data-block-id=\"4\">\n<p class=\"content-text__container \" data-track-category=\"Link no Texto\" data-track-links=\"\">Nenhuma candidatura foi oficializada ainda, no entanto, porque as conven\u00e7\u00f5es partid\u00e1rias, realizadas para as defini\u00e7\u00f5es dos nomes, ocorrem entre 20 de julho e 15 de agosto, conforme calend\u00e1rio eleitoral divulgado pelo Tribunal Superior Eleitoral (TSE).<\/p>\n<\/div>\n<div class=\"mc-column content-text active-extra-styles \" data-block-type=\"unstyled\" data-block-weight=\"27\" data-block-id=\"5\">\n<p class=\"content-text__container \" data-track-category=\"Link no Texto\" data-track-links=\"\">O registro das candidaturas no TSE, portanto, deve feito at\u00e9 15 de agosto, e os requerimentos ser\u00e3o julgados at\u00e9 17 de setembro, de acordo com o \u00f3rg\u00e3o.<\/p>\n<p><span style=\"color: #0000ff;\"><strong><a style=\"color: #0000ff;\" href=\"https:\/\/g1.globo.com\/ba\/bahia\/noticia\/saiba-quem-sao-os-pre-candidatos-ao-governo-da-bahia-g1-lista-perfil-de-cada-um.ghtml\">VEJA A LISTA E CONFIRA O PERFIL DE CADA UM\u00a0<\/a><\/strong><\/span><\/p>\n<\/div>\n<\/div>\n","protected":false},"excerpt":{"rendered":"<p>Cinco partidos j\u00e1 anunciaram seus pr\u00e9-candidatos ao cargo de governador da Bahia para as elei\u00e7\u00f5es de 2018. O\u00a0G1\u00a0fez uma lista dos nomes e traz, abaixo, o perfil de cada um, por ordem alfab\u00e9tica. O pleito ocorrer\u00e1 no dia 7 de outubro, em primeiro turno, e no dia 28 de outubro, nos casos de segundo turno. [&hellip;]<\/p>\n","protected":false},"author":2,"featured_media":73462,"comment_status":"open","ping_status":"open","sticky":false,"template":"","format":"standard","meta":{"footnotes":"","_links_to":"","_links_to_target":""},"categories":[1],"tags":[],"class_list":["post-73461","post","type-post","status-publish","format-standard","has-post-thumbnail","hentry","category-geral"],"views":1210,"_links":{"self":[{"href":"https:\/\/www.sudoestehoje.com.br\/novoportal\/wp-json\/wp\/v2\/posts\/73461","targetHints":{"allow":["GET"]}}],"collection":[{"href":"https:\/\/www.sudoestehoje.com.br\/novoportal\/wp-json\/wp\/v2\/posts"}],"about":[{"href":"https:\/\/www.sudoestehoje.com.br\/novoportal\/wp-json\/wp\/v2\/types\/post"}],"author":[{"embeddable":true,"href":"https:\/\/www.sudoestehoje.com.br\/novoportal\/wp-json\/wp\/v2\/users\/2"}],"replies":[{"embeddable":true,"href":"https:\/\/www.sudoestehoje.com.br\/novoportal\/wp-json\/wp\/v2\/comments?post=73461"}],"version-history":[{"count":2,"href":"https:\/\/www.sudoestehoje.com.br\/novoportal\/wp-json\/wp\/v2\/posts\/73461\/revisions"}],"predecessor-version":[{"id":73464,"href":"https:\/\/www.sudoestehoje.com.br\/novoportal\/wp-json\/wp\/v2\/posts\/73461\/revisions\/73464"}],"wp:featuredmedia":[{"embeddable":true,"href":"https:\/\/www.sudoestehoje.com.br\/novoportal\/wp-json\/wp\/v2\/media\/73462"}],"wp:attachment":[{"href":"https:\/\/www.sudoestehoje.com.br\/novoportal\/wp-json\/wp\/v2\/media?parent=73461"}],"wp:term":[{"taxonomy":"category","embeddable":true,"href":"https:\/\/www.sudoestehoje.com.br\/novoportal\/wp-json\/wp\/v2\/categories?post=73461"},{"taxonomy":"post_tag","embeddable":true,"href":"https:\/\/www.sudoestehoje.com.br\/novoportal\/wp-json\/wp\/v2\/tags?post=73461"}],"curies":[{"name":"wp","href":"https:\/\/api.w.org\/{rel}","templated":true}]}}