
{"id":73456,"date":"2018-07-12T16:14:17","date_gmt":"2018-07-12T19:14:17","guid":{"rendered":"http:\/\/www.sudoestehoje.com.br\/novoportal\/?p=73456"},"modified":"2018-07-12T16:14:17","modified_gmt":"2018-07-12T19:14:17","slug":"liderancas-de-anage-selam-apoio-a-ciano-filho-para-deputado-federal","status":"publish","type":"post","link":"https:\/\/www.sudoestehoje.com.br\/novoportal\/2018\/07\/12\/liderancas-de-anage-selam-apoio-a-ciano-filho-para-deputado-federal\/","title":{"rendered":"LIDERAN\u00c7AS DE ANAG\u00c9 SELAM APOIO A CIANO FILHO PARA DEPUTADO FEDERAL"},"content":{"rendered":"<p><a href=\"http:\/\/www.sudoestehoje.com.br\/novoportal\/wp-content\/uploads\/2018\/07\/ciano-1.jpg\"><img loading=\"lazy\" decoding=\"async\" class=\"aligncenter size-medium wp-image-73458\" src=\"http:\/\/www.sudoestehoje.com.br\/novoportal\/wp-content\/uploads\/2018\/07\/ciano-1-500x343.jpg\" alt=\"\" width=\"500\" height=\"343\" srcset=\"https:\/\/www.sudoestehoje.com.br\/novoportal\/wp-content\/uploads\/2018\/07\/ciano-1-500x343.jpg 500w, https:\/\/www.sudoestehoje.com.br\/novoportal\/wp-content\/uploads\/2018\/07\/ciano-1.jpg 510w\" sizes=\"auto, (max-width: 500px) 100vw, 500px\" \/><\/a><br \/>\nUm encontro pol\u00edtico na noite desta <a class=\"_fcj\" href=\"https:\/\/www.facebook.com\/sudoestehoje\/#\">quarta-feira<\/a> (12) marcou a alian\u00e7a pol\u00edtica de diversas lideran\u00e7as do munic\u00edpio de Anag\u00e9 com o pr\u00e9-candidato a deputado federal, Ciano Filho, do PROS. O encontro foi articulado pelo presidente do diret\u00f3rio local do Democratas, Carlos PMG, e o presidente do Comit\u00ea Municipal do PCdoB, Rui Rocha.<\/p>\n<p>Os dois partidos, al\u00e9m do PROS e v\u00e1rias outras legendas, est\u00e3o se articulando para lan\u00e7ar Carlos PMG \u00e0 Prefeitura de Anag\u00e9 nas elei\u00e7\u00f5es de 2020. Por isso, diversas lideran\u00e7as compareceram ao encontro, al\u00e9m do pr\u00e9-candidato Ciano Filho e do deputado estadual Fabr\u00edcio Falc\u00e3o, que disputa a reelei\u00e7\u00e3o. Todos foram un\u00e2nimes em defender o fortalecimento deste campo pol\u00edtico.<\/p>\n<p><a href=\"http:\/\/www.sudoestehoje.com.br\/novoportal\/wp-content\/uploads\/2018\/07\/CIANO-ANAG\u00c9.jpg\"><img loading=\"lazy\" decoding=\"async\" class=\"aligncenter size-medium wp-image-73457\" src=\"http:\/\/www.sudoestehoje.com.br\/novoportal\/wp-content\/uploads\/2018\/07\/CIANO-ANAG\u00c9-500x353.jpg\" alt=\"\" width=\"500\" height=\"353\" srcset=\"https:\/\/www.sudoestehoje.com.br\/novoportal\/wp-content\/uploads\/2018\/07\/CIANO-ANAG\u00c9-500x353.jpg 500w, https:\/\/www.sudoestehoje.com.br\/novoportal\/wp-content\/uploads\/2018\/07\/CIANO-ANAG\u00c9-768x542.jpg 768w, https:\/\/www.sudoestehoje.com.br\/novoportal\/wp-content\/uploads\/2018\/07\/CIANO-ANAG\u00c9-700x494.jpg 700w, https:\/\/www.sudoestehoje.com.br\/novoportal\/wp-content\/uploads\/2018\/07\/CIANO-ANAG\u00c9.jpg 831w\" sizes=\"auto, (max-width: 500px) 100vw, 500px\" \/><\/a><\/p>\n<p>\u201cPrecisamos chegar fortes ao pleito de 2020 e as elei\u00e7\u00f5es de agora s\u00e3o fundamentais para a gente se fortalecer enquanto grupo. Conhe\u00e7o Ciano Filho h\u00e1 muitos anos, \u00e9 uma pessoa de nossa inteira confian\u00e7a e ter\u00e1 nosso apoio total. Do mesmo modo o deputado Fabr\u00edcio Falc\u00e3o, que tem se empenhado pelo nosso munic\u00edpio. Vamos dar uma vota\u00e7\u00e3o recorde aos dois\u201d, afirmou Carlos PMG.<\/p>\n<p>Segundo Carlos PMG, um encontro maior de lideran\u00e7as ser\u00e1 realizado em breve em Anag\u00e9. \u201cMas neste j\u00e1 agregamos diversas lideran\u00e7as pol\u00edticas, muitos comerciantes locais, dentre eles R\u00f4mulo Rocha, Aurece, Ricardo de Marialva, o ex-vereador Z\u00e9 de Li\u00f3, o ex-vereador Li\u00f3, lideran\u00e7as como Sola, Gild\u00e1sio, Tinho, Zizi, Sideni, Mizael, Jorge, Malaquias, Jovani, Lana, dentre outras.lideran\u00e7as da regi\u00e3o do Capinado\u201d.<\/p>\n<p><a href=\"http:\/\/www.sudoestehoje.com.br\/novoportal\/wp-content\/uploads\/2018\/07\/ANAG\u00c9.jpg\"><img loading=\"lazy\" decoding=\"async\" class=\"aligncenter size-medium wp-image-73459\" src=\"http:\/\/www.sudoestehoje.com.br\/novoportal\/wp-content\/uploads\/2018\/07\/ANAG\u00c9-500x281.jpg\" alt=\"\" width=\"500\" height=\"281\" srcset=\"https:\/\/www.sudoestehoje.com.br\/novoportal\/wp-content\/uploads\/2018\/07\/ANAG\u00c9-500x281.jpg 500w, https:\/\/www.sudoestehoje.com.br\/novoportal\/wp-content\/uploads\/2018\/07\/ANAG\u00c9-768x432.jpg 768w, https:\/\/www.sudoestehoje.com.br\/novoportal\/wp-content\/uploads\/2018\/07\/ANAG\u00c9-700x394.jpg 700w, https:\/\/www.sudoestehoje.com.br\/novoportal\/wp-content\/uploads\/2018\/07\/ANAG\u00c9.jpg 960w\" sizes=\"auto, (max-width: 500px) 100vw, 500px\" \/><\/a><\/p>\n<p>\u201cEsta dobradinha t\u00e1 assegurada e vamos seguir juntos, agregando muito mais lideran\u00e7as de Anag\u00e9 e regi\u00e3o para dar uma vota\u00e7\u00e3o hist\u00f3rica a Fabr\u00edcio e Ciano Filho. O deputado Fabr\u00edcio tem in\u00fameras a\u00e7\u00f5es de seus mandatos em nosso munic\u00edpio e sabemos que \u00e9 essencial este apoio de nossos amigos do DEM, na figura de Carlos PMG\u201d, disse Rui Rocha, presidente do PCdoB.<\/p>\n","protected":false},"excerpt":{"rendered":"<p>Um encontro pol\u00edtico na noite desta quarta-feira (12) marcou a alian\u00e7a pol\u00edtica de diversas lideran\u00e7as do munic\u00edpio de Anag\u00e9 com o pr\u00e9-candidato a deputado federal, Ciano Filho, do PROS. O encontro foi articulado pelo presidente do diret\u00f3rio local do Democratas, Carlos PMG, e o presidente do Comit\u00ea Municipal do PCdoB, Rui Rocha. Os dois partidos, [&hellip;]<\/p>\n","protected":false},"author":2,"featured_media":73457,"comment_status":"open","ping_status":"open","sticky":false,"template":"","format":"standard","meta":{"footnotes":"","_links_to":"","_links_to_target":""},"categories":[1],"tags":[],"class_list":["post-73456","post","type-post","status-publish","format-standard","has-post-thumbnail","hentry","category-geral"],"views":1206,"_links":{"self":[{"href":"https:\/\/www.sudoestehoje.com.br\/novoportal\/wp-json\/wp\/v2\/posts\/73456","targetHints":{"allow":["GET"]}}],"collection":[{"href":"https:\/\/www.sudoestehoje.com.br\/novoportal\/wp-json\/wp\/v2\/posts"}],"about":[{"href":"https:\/\/www.sudoestehoje.com.br\/novoportal\/wp-json\/wp\/v2\/types\/post"}],"author":[{"embeddable":true,"href":"https:\/\/www.sudoestehoje.com.br\/novoportal\/wp-json\/wp\/v2\/users\/2"}],"replies":[{"embeddable":true,"href":"https:\/\/www.sudoestehoje.com.br\/novoportal\/wp-json\/wp\/v2\/comments?post=73456"}],"version-history":[{"count":1,"href":"https:\/\/www.sudoestehoje.com.br\/novoportal\/wp-json\/wp\/v2\/posts\/73456\/revisions"}],"predecessor-version":[{"id":73460,"href":"https:\/\/www.sudoestehoje.com.br\/novoportal\/wp-json\/wp\/v2\/posts\/73456\/revisions\/73460"}],"wp:featuredmedia":[{"embeddable":true,"href":"https:\/\/www.sudoestehoje.com.br\/novoportal\/wp-json\/wp\/v2\/media\/73457"}],"wp:attachment":[{"href":"https:\/\/www.sudoestehoje.com.br\/novoportal\/wp-json\/wp\/v2\/media?parent=73456"}],"wp:term":[{"taxonomy":"category","embeddable":true,"href":"https:\/\/www.sudoestehoje.com.br\/novoportal\/wp-json\/wp\/v2\/categories?post=73456"},{"taxonomy":"post_tag","embeddable":true,"href":"https:\/\/www.sudoestehoje.com.br\/novoportal\/wp-json\/wp\/v2\/tags?post=73456"}],"curies":[{"name":"wp","href":"https:\/\/api.w.org\/{rel}","templated":true}]}}