
{"id":73423,"date":"2018-07-10T22:33:28","date_gmt":"2018-07-11T01:33:28","guid":{"rendered":"http:\/\/www.sudoestehoje.com.br\/novoportal\/?p=73423"},"modified":"2018-07-10T22:33:28","modified_gmt":"2018-07-11T01:33:28","slug":"irmao-lazaro-de-olho-nos-minutos-do-mdb","status":"publish","type":"post","link":"https:\/\/www.sudoestehoje.com.br\/novoportal\/2018\/07\/10\/irmao-lazaro-de-olho-nos-minutos-do-mdb\/","title":{"rendered":"IRM\u00c3O L\u00c1ZARO DE OLHO NOS MINUTOS DO MDB"},"content":{"rendered":"<p><a href=\"http:\/\/www.sudoestehoje.com.br\/novoportal\/wp-content\/uploads\/2018\/07\/LAZ.jpg\"><img loading=\"lazy\" decoding=\"async\" class=\"aligncenter size-medium wp-image-73425\" src=\"http:\/\/www.sudoestehoje.com.br\/novoportal\/wp-content\/uploads\/2018\/07\/LAZ-500x331.jpg\" alt=\"\" width=\"500\" height=\"331\" srcset=\"https:\/\/www.sudoestehoje.com.br\/novoportal\/wp-content\/uploads\/2018\/07\/LAZ-500x331.jpg 500w, https:\/\/www.sudoestehoje.com.br\/novoportal\/wp-content\/uploads\/2018\/07\/LAZ.jpg 700w\" sizes=\"auto, (max-width: 500px) 100vw, 500px\" \/><\/a><\/p>\n<p>O MDB tem a prefer\u00eancia do deputado federal Irm\u00e3o L\u00e1zaro (PSC) para a disputa pelo Senado, caso fique fora da chapa majorit\u00e1ria de Z\u00e9 Ronaldo (DEM) ao governo do estado. O motivo \u00e9 o tempo de televis\u00e3o.<\/p>\n<p>A avalia\u00e7\u00e3o de L\u00e1zaro \u00e9 que uma alian\u00e7a com o partido comandado na Bahia pelo deputado federal L\u00facio Vieira Lima pode dar a ele uma exposi\u00e7\u00e3o razo\u00e1vel no programa eleitoral de r\u00e1dio e TV, o que viabilizaria sua candidatura.<\/p>\n<p>Lan\u00e7ar uma candidatura avulsa est\u00e1 praticamente descartado. A prioridade dele e do PSC, contudo, continua sendo a presen\u00e7a na chapa majorit\u00e1ria democrata. Da\u00a0<a href=\"https:\/\/www.correio24horas.com.br\/noticia\/nid\/mpe-denuncia-doacoes-acima-do-limite-legal-a-prefeita-de-lauro-de-freitas\/\" target=\"_blank\" rel=\"noopener noreferrer\"><em>Coluna Sat\u00e9lite, Correio24h<\/em><\/a>.<\/p>\n","protected":false},"excerpt":{"rendered":"<p>O MDB tem a prefer\u00eancia do deputado federal Irm\u00e3o L\u00e1zaro (PSC) para a disputa pelo Senado, caso fique fora da chapa majorit\u00e1ria de Z\u00e9 Ronaldo (DEM) ao governo do estado. O motivo \u00e9 o tempo de televis\u00e3o. A avalia\u00e7\u00e3o de L\u00e1zaro \u00e9 que uma alian\u00e7a com o partido comandado na Bahia pelo deputado federal L\u00facio [&hellip;]<\/p>\n","protected":false},"author":2,"featured_media":73425,"comment_status":"open","ping_status":"open","sticky":false,"template":"","format":"standard","meta":{"footnotes":"","_links_to":"","_links_to_target":""},"categories":[1],"tags":[],"class_list":["post-73423","post","type-post","status-publish","format-standard","has-post-thumbnail","hentry","category-geral"],"views":1345,"_links":{"self":[{"href":"https:\/\/www.sudoestehoje.com.br\/novoportal\/wp-json\/wp\/v2\/posts\/73423","targetHints":{"allow":["GET"]}}],"collection":[{"href":"https:\/\/www.sudoestehoje.com.br\/novoportal\/wp-json\/wp\/v2\/posts"}],"about":[{"href":"https:\/\/www.sudoestehoje.com.br\/novoportal\/wp-json\/wp\/v2\/types\/post"}],"author":[{"embeddable":true,"href":"https:\/\/www.sudoestehoje.com.br\/novoportal\/wp-json\/wp\/v2\/users\/2"}],"replies":[{"embeddable":true,"href":"https:\/\/www.sudoestehoje.com.br\/novoportal\/wp-json\/wp\/v2\/comments?post=73423"}],"version-history":[{"count":3,"href":"https:\/\/www.sudoestehoje.com.br\/novoportal\/wp-json\/wp\/v2\/posts\/73423\/revisions"}],"predecessor-version":[{"id":73427,"href":"https:\/\/www.sudoestehoje.com.br\/novoportal\/wp-json\/wp\/v2\/posts\/73423\/revisions\/73427"}],"wp:featuredmedia":[{"embeddable":true,"href":"https:\/\/www.sudoestehoje.com.br\/novoportal\/wp-json\/wp\/v2\/media\/73425"}],"wp:attachment":[{"href":"https:\/\/www.sudoestehoje.com.br\/novoportal\/wp-json\/wp\/v2\/media?parent=73423"}],"wp:term":[{"taxonomy":"category","embeddable":true,"href":"https:\/\/www.sudoestehoje.com.br\/novoportal\/wp-json\/wp\/v2\/categories?post=73423"},{"taxonomy":"post_tag","embeddable":true,"href":"https:\/\/www.sudoestehoje.com.br\/novoportal\/wp-json\/wp\/v2\/tags?post=73423"}],"curies":[{"name":"wp","href":"https:\/\/api.w.org\/{rel}","templated":true}]}}