
{"id":73417,"date":"2018-07-10T21:49:33","date_gmt":"2018-07-11T00:49:33","guid":{"rendered":"http:\/\/www.sudoestehoje.com.br\/novoportal\/?p=73417"},"modified":"2018-07-10T21:54:05","modified_gmt":"2018-07-11T00:54:05","slug":"ze-rocha-lidera-liberacao-de-emendas-parlamentares-para-o-macarani","status":"publish","type":"post","link":"https:\/\/www.sudoestehoje.com.br\/novoportal\/2018\/07\/10\/ze-rocha-lidera-liberacao-de-emendas-parlamentares-para-o-macarani\/","title":{"rendered":"Z\u00c9 ROCHA LIDERA LIBERA\u00c7\u00c3O DE EMENDAS PARLAMENTARES PARA MACARANI"},"content":{"rendered":"<div><a href=\"http:\/\/www.sudoestehoje.com.br\/novoportal\/wp-content\/uploads\/2018\/07\/Ze-Rocha-1.jpg\"><img loading=\"lazy\" decoding=\"async\" class=\"aligncenter wp-image-73419\" src=\"http:\/\/www.sudoestehoje.com.br\/novoportal\/wp-content\/uploads\/2018\/07\/Ze-Rocha-1-500x417.jpg\" alt=\"\" width=\"499\" height=\"416\" srcset=\"https:\/\/www.sudoestehoje.com.br\/novoportal\/wp-content\/uploads\/2018\/07\/Ze-Rocha-1-500x417.jpg 500w, https:\/\/www.sudoestehoje.com.br\/novoportal\/wp-content\/uploads\/2018\/07\/Ze-Rocha-1-768x640.jpg 768w, https:\/\/www.sudoestehoje.com.br\/novoportal\/wp-content\/uploads\/2018\/07\/Ze-Rocha-1-700x583.jpg 700w, https:\/\/www.sudoestehoje.com.br\/novoportal\/wp-content\/uploads\/2018\/07\/Ze-Rocha-1.jpg 780w\" sizes=\"auto, (max-width: 499px) 100vw, 499px\" \/><\/a><\/div>\n<div>\n<p>Dentre os deputados federais que contam com apoio dos grupos pol\u00edticos tradicionais de Macarani, Jos\u00e9 Rocha (PR) \u00e9 o que mais destinou recursos para o munic\u00edpio, atrav\u00e9s de emendas ao Or\u00e7amento Geral da Uni\u00e3o, segundo assessoria do prefeito Miller Ferraz.<\/p>\n<p>De acordo com os assessores do prefeito, o parlamentar j\u00e1 enviou a Macarani, R$ 1.800.000,00\u00a0 em emendas parlamentares, distribu\u00eddas para as seguintes obras e a\u00e7\u00f5es:\u00a0 300 mil reais\u00a0para a revitaliza\u00e7\u00e3o do Parque da Lagoa no Bairro Marjorie Parque,\u00a0500 mil reais de custeio para a \u00e1rea da sa\u00fade e uma emenda no valor de 1 milh\u00e3o de reais para aquisi\u00e7\u00e3o de equipamentos destinados ao Hospital S\u00e3o Pedro, hospital municipal considerado como um dos mais completos da regi\u00e3o.<\/p>\n<p>Al\u00e9m das emendas, o deputado federal disponibilizou ao munic\u00edpio duas\u00a0ambul\u00e2ncias,\u00a02 consult\u00f3rios odontol\u00f3gicos,\u00a01 trator agr\u00edcola, pavimenta\u00e7\u00e3o do Conjunto Habitacional Ant\u00f4nio Beir\u00e3o, al\u00e9m de verba federal\u00a0constru\u00e7\u00e3o de duas pra\u00e7as p\u00fablicas.<\/p>\n<p>O prefeito\u00a0Miller Ferraz tem destacado o apoio do deputado Z\u00e9 Rocha nas a\u00e7\u00f5es da sua administra\u00e7\u00e3o, que segundo ele desempenha papel importante para o desenvolvimento do munic\u00edpio.<\/p>\n<\/div>\n","protected":false},"excerpt":{"rendered":"<p>Dentre os deputados federais que contam com apoio dos grupos pol\u00edticos tradicionais de Macarani, Jos\u00e9 Rocha (PR) \u00e9 o que mais destinou recursos para o munic\u00edpio, atrav\u00e9s de emendas ao Or\u00e7amento Geral da Uni\u00e3o, segundo assessoria do prefeito Miller Ferraz. De acordo com os assessores do prefeito, o parlamentar j\u00e1 enviou a Macarani, R$ 1.800.000,00\u00a0 [&hellip;]<\/p>\n","protected":false},"author":2,"featured_media":73419,"comment_status":"open","ping_status":"open","sticky":false,"template":"","format":"standard","meta":{"footnotes":"","_links_to":"","_links_to_target":""},"categories":[1],"tags":[],"class_list":["post-73417","post","type-post","status-publish","format-standard","has-post-thumbnail","hentry","category-geral"],"views":1386,"_links":{"self":[{"href":"https:\/\/www.sudoestehoje.com.br\/novoportal\/wp-json\/wp\/v2\/posts\/73417","targetHints":{"allow":["GET"]}}],"collection":[{"href":"https:\/\/www.sudoestehoje.com.br\/novoportal\/wp-json\/wp\/v2\/posts"}],"about":[{"href":"https:\/\/www.sudoestehoje.com.br\/novoportal\/wp-json\/wp\/v2\/types\/post"}],"author":[{"embeddable":true,"href":"https:\/\/www.sudoestehoje.com.br\/novoportal\/wp-json\/wp\/v2\/users\/2"}],"replies":[{"embeddable":true,"href":"https:\/\/www.sudoestehoje.com.br\/novoportal\/wp-json\/wp\/v2\/comments?post=73417"}],"version-history":[{"count":3,"href":"https:\/\/www.sudoestehoje.com.br\/novoportal\/wp-json\/wp\/v2\/posts\/73417\/revisions"}],"predecessor-version":[{"id":73422,"href":"https:\/\/www.sudoestehoje.com.br\/novoportal\/wp-json\/wp\/v2\/posts\/73417\/revisions\/73422"}],"wp:featuredmedia":[{"embeddable":true,"href":"https:\/\/www.sudoestehoje.com.br\/novoportal\/wp-json\/wp\/v2\/media\/73419"}],"wp:attachment":[{"href":"https:\/\/www.sudoestehoje.com.br\/novoportal\/wp-json\/wp\/v2\/media?parent=73417"}],"wp:term":[{"taxonomy":"category","embeddable":true,"href":"https:\/\/www.sudoestehoje.com.br\/novoportal\/wp-json\/wp\/v2\/categories?post=73417"},{"taxonomy":"post_tag","embeddable":true,"href":"https:\/\/www.sudoestehoje.com.br\/novoportal\/wp-json\/wp\/v2\/tags?post=73417"}],"curies":[{"name":"wp","href":"https:\/\/api.w.org\/{rel}","templated":true}]}}