
{"id":73413,"date":"2018-07-10T21:05:12","date_gmt":"2018-07-11T00:05:12","guid":{"rendered":"http:\/\/www.sudoestehoje.com.br\/novoportal\/?p=73413"},"modified":"2018-07-10T21:05:12","modified_gmt":"2018-07-11T00:05:12","slug":"ministra-do-stj-nega-hc-a-lula-e-critica-desembargador-que-mandou-soltar-petista","status":"publish","type":"post","link":"https:\/\/www.sudoestehoje.com.br\/novoportal\/2018\/07\/10\/ministra-do-stj-nega-hc-a-lula-e-critica-desembargador-que-mandou-soltar-petista\/","title":{"rendered":"MINISTRA DO STJ NEGA HC A LULA E CRITICA DESEMBARGADOR QUE MANDOU SOLTAR PETISTA"},"content":{"rendered":"<p><a href=\"http:\/\/www.sudoestehoje.com.br\/novoportal\/wp-content\/uploads\/2018\/07\/LAURITA-STJ.jpg\"><img loading=\"lazy\" decoding=\"async\" class=\"aligncenter size-medium wp-image-73415\" src=\"http:\/\/www.sudoestehoje.com.br\/novoportal\/wp-content\/uploads\/2018\/07\/LAURITA-STJ-500x291.jpg\" alt=\"\" width=\"500\" height=\"291\" srcset=\"https:\/\/www.sudoestehoje.com.br\/novoportal\/wp-content\/uploads\/2018\/07\/LAURITA-STJ-500x291.jpg 500w, https:\/\/www.sudoestehoje.com.br\/novoportal\/wp-content\/uploads\/2018\/07\/LAURITA-STJ-768x447.jpg 768w, https:\/\/www.sudoestehoje.com.br\/novoportal\/wp-content\/uploads\/2018\/07\/LAURITA-STJ-700x407.jpg 700w, https:\/\/www.sudoestehoje.com.br\/novoportal\/wp-content\/uploads\/2018\/07\/LAURITA-STJ.jpg 1024w\" sizes=\"auto, (max-width: 500px) 100vw, 500px\" \/><\/a><\/p>\n<p>A presidente do Superior Tribunal de Justi\u00e7a (STJ), ministra Laurita Vaz, negou habeas corpus ao ex-presidente Luiz In\u00e1cio Lula da Silva, impetrado contra decis\u00e3o do presidente do Tribunal Regional Federal da 4\u00aa Regi\u00e3o (TRF-4), Carlos Thompson Flores, que indeferiu pedido de liberdade para o petista.<\/p>\n<p>Ao rejeitar o recurso, Vaz criticou o desembargador plantonista Rog\u00e9rio Favreto, que mandou soltar, no \u00faltimo domingo (8), o ex-presidente. Para ela, o magistrado tomou uma decis\u00e3o \u00a0\u201cinusitada e teratol\u00f3gica\u201d e revelou \u201cflagrante desrespeito\u201d ao que havia sido determinado pelo TRF-4, pelo STJ e o plen\u00e1rio do Supremo Tribunal Federal (STF).<\/p>\n<p>\u201c\u00c9 \u00f3bvio e ululante que o mero an\u00fancio de inten\u00e7\u00e3o de r\u00e9u preso de ser candidato a cargo p\u00fablico n\u00e3o tem o cond\u00e3o de reabrir a discuss\u00e3o acerca da legalidade do encarceramento, mormente quando, como no caso, a quest\u00e3o j\u00e1 foi examinada e decidida em todas as inst\u00e2ncias do Poder Judici\u00e1rio\u201d, afirmou na decis\u00e3o.<\/p>\n","protected":false},"excerpt":{"rendered":"<p>A presidente do Superior Tribunal de Justi\u00e7a (STJ), ministra Laurita Vaz, negou habeas corpus ao ex-presidente Luiz In\u00e1cio Lula da Silva, impetrado contra decis\u00e3o do presidente do Tribunal Regional Federal da 4\u00aa Regi\u00e3o (TRF-4), Carlos Thompson Flores, que indeferiu pedido de liberdade para o petista. Ao rejeitar o recurso, Vaz criticou o desembargador plantonista Rog\u00e9rio [&hellip;]<\/p>\n","protected":false},"author":2,"featured_media":73415,"comment_status":"open","ping_status":"open","sticky":false,"template":"","format":"standard","meta":{"footnotes":"","_links_to":"","_links_to_target":""},"categories":[1],"tags":[],"class_list":["post-73413","post","type-post","status-publish","format-standard","has-post-thumbnail","hentry","category-geral"],"views":1099,"_links":{"self":[{"href":"https:\/\/www.sudoestehoje.com.br\/novoportal\/wp-json\/wp\/v2\/posts\/73413","targetHints":{"allow":["GET"]}}],"collection":[{"href":"https:\/\/www.sudoestehoje.com.br\/novoportal\/wp-json\/wp\/v2\/posts"}],"about":[{"href":"https:\/\/www.sudoestehoje.com.br\/novoportal\/wp-json\/wp\/v2\/types\/post"}],"author":[{"embeddable":true,"href":"https:\/\/www.sudoestehoje.com.br\/novoportal\/wp-json\/wp\/v2\/users\/2"}],"replies":[{"embeddable":true,"href":"https:\/\/www.sudoestehoje.com.br\/novoportal\/wp-json\/wp\/v2\/comments?post=73413"}],"version-history":[{"count":2,"href":"https:\/\/www.sudoestehoje.com.br\/novoportal\/wp-json\/wp\/v2\/posts\/73413\/revisions"}],"predecessor-version":[{"id":73416,"href":"https:\/\/www.sudoestehoje.com.br\/novoportal\/wp-json\/wp\/v2\/posts\/73413\/revisions\/73416"}],"wp:featuredmedia":[{"embeddable":true,"href":"https:\/\/www.sudoestehoje.com.br\/novoportal\/wp-json\/wp\/v2\/media\/73415"}],"wp:attachment":[{"href":"https:\/\/www.sudoestehoje.com.br\/novoportal\/wp-json\/wp\/v2\/media?parent=73413"}],"wp:term":[{"taxonomy":"category","embeddable":true,"href":"https:\/\/www.sudoestehoje.com.br\/novoportal\/wp-json\/wp\/v2\/categories?post=73413"},{"taxonomy":"post_tag","embeddable":true,"href":"https:\/\/www.sudoestehoje.com.br\/novoportal\/wp-json\/wp\/v2\/tags?post=73413"}],"curies":[{"name":"wp","href":"https:\/\/api.w.org\/{rel}","templated":true}]}}